{"id":764329,"date":"2015-10-14T15:25:35","date_gmt":"2015-10-14T13:25:35","guid":{"rendered":"https:\/\/dailynewshungary.com\/de\/regierung-unterzeichnet-strategisches-partnerschaftsabkommen-mit-grundfos\/"},"modified":"2015-10-14T15:25:35","modified_gmt":"2015-10-14T13:25:35","slug":"regierung-unterzeichnet-strategisches-partnerschaftsabkommen-mit-grundfos","status":"publish","type":"post","link":"https:\/\/dailynewshungary.com\/de\/regierung-unterzeichnet-strategisches-partnerschaftsabkommen-mit-grundfos\/","title":{"rendered":"Regierung unterzeichnet strategisches Partnerschaftsabkommen mit Grundfos"},"content":{"rendered":"<p><strong>Budapest, 14. Oktober (MTI) \u2013 Ungarns Regierung hat am Mittwoch in Budapest eine strategische Vereinbarung mit dem d\u00e4nischen Pumpenhersteller Grundfos unterzeichnet.<\/strong><\/p>\n<p>Der Regionalleiter des Unternehmens Kim Jensen nannte das Abkommen \u201ehistorisch\u201cund sagte, es mache die seit Jahren bestehende Zusammenarbeit zwischen Grundfos und der Regierung offiziell.<\/p>\n<p>Staatssekret\u00e4r f\u00fcr Wirtschaftsdiplomatie Levente Magyar stellte fest, dass das Unternehmen in den letzten Jahren kontinuierlich gewachsen sei und es Pl\u00e4ne f\u00fcr eine Expansion in Ungarn im n\u00e4chsten Jahr gebe.<\/p>\n<p><em>Foto: MTI<\/em><\/p>\n","protected":false},"excerpt":{"rendered":"<p>Budapest, 14. Oktober (MTI) \u2013 Ungarns Regierung hat am Mittwoch in Budapest eine strategische Vereinbarung mit dem d\u00e4nischen Pumpenhersteller Grundfos unterzeichnet. Der Regionalleiter des Unternehmens Kim Jensen nannte das Abkommen \u201ehistorisch\u201cund sagte, es mache die seit Jahren bestehende Zusammenarbeit zwischen Grundfos und der Regierung offiziell. Staatssekret\u00e4r f\u00fcr Wirtschaftsdiplomatie Levente Magyar stellte fest, dass das Unternehmen [&hellip;]<\/p>\n","protected":false},"author":2,"featured_media":764330,"comment_status":"open","ping_status":"open","sticky":false,"template":"","format":"standard","meta":{"_acf_changed":false,"_display_image":"","footnotes":""},"categories":[1281],"tags":[1066],"class_list":["post-764329","post","type-post","status-publish","format-standard","has-post-thumbnail","hentry","category-geschaft","tag-hungary"],"blocksy_meta":[],"acf":[],"author_username":"alk","telegram_post":"","public_post_metadata":{"breaking_news":"","important":"","csempe":"","center_tile":"","disable_thumbnail":"","target_lang":"","_featured_image_style":"","telegram_post":"","_xlat_group_id":""},"public_rank_math_data":{"title":"%title% %sep% %sitename%","description":"","focus_keyword":"","canonical_url":"","robots":"","primary_category":"1281","breadcrumb_title":"","facebook_title":"","facebook_description":"","facebook_image":"","facebook_image_id":"","twitter_title":"","twitter_description":"","twitter_image":"","twitter_image_id":"","twitter_card_type":"","twitter_use_facebook":"","advanced_robots":"","pillar_content":"","seo_score":"","contentai_score":"","rich_snippet":""},"_links":{"self":[{"href":"https:\/\/dailynewshungary.com\/de\/wp-json\/wp\/v2\/posts\/764329","targetHints":{"allow":["GET"]}}],"collection":[{"href":"https:\/\/dailynewshungary.com\/de\/wp-json\/wp\/v2\/posts"}],"about":[{"href":"https:\/\/dailynewshungary.com\/de\/wp-json\/wp\/v2\/types\/post"}],"author":[{"embeddable":true,"href":"https:\/\/dailynewshungary.com\/de\/wp-json\/wp\/v2\/users\/2"}],"replies":[{"embeddable":true,"href":"https:\/\/dailynewshungary.com\/de\/wp-json\/wp\/v2\/comments?post=764329"}],"version-history":[{"count":0,"href":"https:\/\/dailynewshungary.com\/de\/wp-json\/wp\/v2\/posts\/764329\/revisions"}],"wp:featuredmedia":[{"embeddable":true,"href":"https:\/\/dailynewshungary.com\/de\/wp-json\/wp\/v2\/media\/764330"}],"wp:attachment":[{"href":"https:\/\/dailynewshungary.com\/de\/wp-json\/wp\/v2\/media?parent=764329"}],"wp:term":[{"taxonomy":"category","embeddable":true,"href":"https:\/\/dailynewshungary.com\/de\/wp-json\/wp\/v2\/categories?post=764329"},{"taxonomy":"post_tag","embeddable":true,"href":"https:\/\/dailynewshungary.com\/de\/wp-json\/wp\/v2\/tags?post=764329"}],"curies":[{"name":"wp","href":"https:\/\/api.w.org\/{rel}","templated":true}]}}