{"id":764402,"date":"2015-10-12T14:24:08","date_gmt":"2015-10-12T12:24:08","guid":{"rendered":"https:\/\/dailynewshungary.com\/de\/orban-mitteleuropas-digitale-wirtschaft-steigt-in-den-kommenden-10-15-jahren\/"},"modified":"2015-10-12T14:24:08","modified_gmt":"2015-10-12T12:24:08","slug":"orban-mitteleuropas-digitale-wirtschaft-steigt-in-den-kommenden-10-15-jahren","status":"publish","type":"post","link":"https:\/\/dailynewshungary.com\/de\/orban-mitteleuropas-digitale-wirtschaft-steigt-in-den-kommenden-10-15-jahren\/","title":{"rendered":"Orban: Mitteleuropas digitale Wirtschaft steigt in den kommenden 10-15 Jahren"},"content":{"rendered":"<p><strong>Budapest, 12. Oktober (MTI) \u2013 Mitteleuropa wird eine st\u00e4rkere Rolle in der digitalen Wirtschaft spielen, da die Region in den n\u00e4chsten 10 bis 15 Jahren der Wachstumsmotor der Europ\u00e4ischen Union sein wird, sagte Premierminister Viktor Orban auf der Welttelekommunikationskonferenz, er\u00f6ffnet am Montag in Budapest.<\/strong><\/p>\n<p>Ungarn habe die h\u00f6chste Wachstumsrate der digitalen Wirtschaft in der EU produziert und sein Gewicht innerhalb der Volkswirtschaft liege \u00fcber dem EU-Durchschnitt, sagte Orban bei der Er\u00f6ffnung.<\/p>\n<p>Die digitale Wirtschaft macht 21-22 Prozent des ungarischen Bruttoinlandsprodukts (BIP) aus und der Sektor bietet Arbeitspl\u00e4tze f\u00fcr 400.000, also 15 Prozent aller ungarischen Besch\u00e4ftigten, sagte OrbanAuf der Grundlage dieser Zahlen rangiert Ungarns digitale Wirtschaft in der EU an dritter Stelle, hinter Irland und Finnland, f\u00fcgte er hinzu.<\/p>\n<p>Rasche Ver\u00e4nderungen in der modernen Welt stellen demokratische politische Systeme vor Herausforderungen, sagte er und f\u00fcgte hinzu, dass die Menschen nicht das Gef\u00fchl haben d\u00fcrfen, \u201cdie Kontrolle \u00fcber die Entwicklung der Welt verloren zu haben\u201d Zu diesem Zweck habe Ungarn nationale Konsultationen zu wichtigen strategischen Fragen wie einer nationalen Konsultation im Internet und deren Entwicklung eingef\u00fchrt. Zu den wichtigsten identifizierten Aufgaben geh\u00f6rten der Schutz von Kindern, eine strengere Durchsetzung von Vorschriften und eine verst\u00e4rkte staatliche Unterst\u00fctzung f\u00fcr die digitale Entwicklung, sagte Orban.<\/p>\n<p>Seit 2010 h\u00e4tten rund 1.100 Unternehmen Unterst\u00fctzung f\u00fcr IT-Entwicklungen erhalten und die Mittelzuweisung werde sich in den n\u00e4chsten Jahren verachtfachen, sagte er. Insgesamt w\u00fcrden 130 Milliarden Forint f\u00fcr die Entwicklung der Infokommunikation ausgegeben, wovon 8.000 Unternehmen profitieren w\u00fcrden, f\u00fcgte er hinzu.<\/p>\n<p>Mehr als 8 Prozent der ungarischen Exporte stammen aus der digitalen Wirtschaft und betr\u00e4chtliche 10 Prozent der Ausgaben f\u00fcr Forschung und Entwicklung konzentrieren sich auf diesen Sektor, sagte er.<\/p>\n<p>Die ITU Telecom World-Konferenz werde sich auf kleine und mittlere Unternehmen konzentrieren, sagte ITU-Generalsekret\u00e4r Houlin Zhao am Sonntag auf einer PressekonferenzDie Internationale Fernmeldeunion feiert ihr 150-j\u00e4hriges Bestehen und Ungarn ist Gr\u00fcndungsmitglied, sagte Zhao.<\/p>\n<p>Die dreit\u00e4gige Konferenz werde voraussichtlich mehr als 3.000 Teilnehmer aus 65 L\u00e4ndern anziehen, sagte Staatssekret\u00e4r f\u00fcr IKT und Verbraucherschutz Akos Kara.<\/p>\n<p><em>Foto: MTI<\/em><\/p>\n","protected":false},"excerpt":{"rendered":"<p>Budapest, 12. Oktober (MTI) \u2013 Mitteleuropa wird eine st\u00e4rkere Rolle in der digitalen Wirtschaft spielen, da die Region in den n\u00e4chsten 10 bis 15 Jahren der Wachstumsmotor der Europ\u00e4ischen Union sein wird, sagte Premierminister Viktor Orban auf der Welttelekommunikationskonferenz, er\u00f6ffnet am Montag in Budapest. Ungarn habe die h\u00f6chste Wachstumsrate der digitalen Wirtschaft in der EU [&hellip;]<\/p>\n","protected":false},"author":2,"featured_media":764403,"comment_status":"open","ping_status":"open","sticky":false,"template":"","format":"standard","meta":{"_acf_changed":false,"_display_image":"","footnotes":""},"categories":[1281],"tags":[1407,1128,1104],"class_list":["post-764402","post","type-post","status-publish","format-standard","has-post-thumbnail","hentry","category-geschaft","tag-es","tag-viktor-orban","tag-wirtschaft"],"blocksy_meta":[],"acf":[],"author_username":"alk","telegram_post":"","public_post_metadata":{"breaking_news":"","important":"","csempe":"","center_tile":"","disable_thumbnail":"","target_lang":"","_featured_image_style":"","telegram_post":"","_xlat_group_id":""},"public_rank_math_data":{"title":"%title% %sep% %sitename%","description":"","focus_keyword":"","canonical_url":"","robots":"","primary_category":"1281","breadcrumb_title":"","facebook_title":"","facebook_description":"","facebook_image":"","facebook_image_id":"","twitter_title":"","twitter_description":"","twitter_image":"","twitter_image_id":"","twitter_card_type":"","twitter_use_facebook":"","advanced_robots":"","pillar_content":"","seo_score":"","contentai_score":"","rich_snippet":""},"_links":{"self":[{"href":"https:\/\/dailynewshungary.com\/de\/wp-json\/wp\/v2\/posts\/764402","targetHints":{"allow":["GET"]}}],"collection":[{"href":"https:\/\/dailynewshungary.com\/de\/wp-json\/wp\/v2\/posts"}],"about":[{"href":"https:\/\/dailynewshungary.com\/de\/wp-json\/wp\/v2\/types\/post"}],"author":[{"embeddable":true,"href":"https:\/\/dailynewshungary.com\/de\/wp-json\/wp\/v2\/users\/2"}],"replies":[{"embeddable":true,"href":"https:\/\/dailynewshungary.com\/de\/wp-json\/wp\/v2\/comments?post=764402"}],"version-history":[{"count":0,"href":"https:\/\/dailynewshungary.com\/de\/wp-json\/wp\/v2\/posts\/764402\/revisions"}],"wp:featuredmedia":[{"embeddable":true,"href":"https:\/\/dailynewshungary.com\/de\/wp-json\/wp\/v2\/media\/764403"}],"wp:attachment":[{"href":"https:\/\/dailynewshungary.com\/de\/wp-json\/wp\/v2\/media?parent=764402"}],"wp:term":[{"taxonomy":"category","embeddable":true,"href":"https:\/\/dailynewshungary.com\/de\/wp-json\/wp\/v2\/categories?post=764402"},{"taxonomy":"post_tag","embeddable":true,"href":"https:\/\/dailynewshungary.com\/de\/wp-json\/wp\/v2\/tags?post=764402"}],"curies":[{"name":"wp","href":"https:\/\/api.w.org\/{rel}","templated":true}]}}