{"id":764466,"date":"2015-10-09T17:20:30","date_gmt":"2015-10-09T15:20:30","guid":{"rendered":"https:\/\/dailynewshungary.com\/de\/orban-burgermeister-unterzeichnet-huf-120-mrd-entwicklungsprojekt-fur-kaposvar\/"},"modified":"2015-10-09T17:20:30","modified_gmt":"2015-10-09T15:20:30","slug":"orban-burgermeister-unterzeichnet-huf-120-mrd-entwicklungsprojekt-fur-kaposvar","status":"publish","type":"post","link":"https:\/\/dailynewshungary.com\/de\/orban-burgermeister-unterzeichnet-huf-120-mrd-entwicklungsprojekt-fur-kaposvar\/","title":{"rendered":"Orban, B\u00fcrgermeister unterzeichnet HUF 120 Mrd. Entwicklungsprojekt f\u00fcr Kaposvar"},"content":{"rendered":"<p><strong>Budapest, 9. Oktober (MTI) \u2013 Ein Entwicklungsprojekt im Wert von \u00fcber 120 Milliarden Forint (385,6 Mio. EUR) ist das Herzst\u00fcck eines Vertrags, der zwischen dem Premierminister und dem B\u00fcrgermeister der Stadt Kaposvar im Rahmen des ungarischen Modern Cities-Programms unterzeichnet wurde.<\/strong><\/p>\n<p>Viktor Orban sagte bei seinem Besuch in der Stadt s\u00fcdlich des Plattensees im S\u00fcdwesten Ungarns am Freitag auf einer gemeinsamen Pressekonferenz, dass das Projekt den Ausbau der Hauptstra\u00dfe 67 zu einer vierspurigen Autobahn und damit die Anbindung Kaposvars an das Autobahnnetz des Landes umfasste bis 2019.<\/p>\n<p>Zu den weiteren Entwicklungen geh\u00f6ren die Schaffung eines Verkehrsknotenpunkts, die Renovierung des \u00f6rtlichen Theaters sowie der Bau einer Sporthalle, eines Schwimmbads und \u00f6ffentlicher Versorgungseinrichtungen.<\/p>\n<p><em>Foto: MTI<\/em><\/p>\n","protected":false},"excerpt":{"rendered":"<p>Budapest, 9. Oktober (MTI) \u2013 Ein Entwicklungsprojekt im Wert von \u00fcber 120 Milliarden Forint (385,6 Mio. EUR) ist das Herzst\u00fcck eines Vertrags, der zwischen dem Premierminister und dem B\u00fcrgermeister der Stadt Kaposvar im Rahmen des ungarischen Modern Cities-Programms unterzeichnet wurde. Viktor Orban sagte bei seinem Besuch in der Stadt s\u00fcdlich des Plattensees im S\u00fcdwesten Ungarns [&hellip;]<\/p>\n","protected":false},"author":2,"featured_media":764467,"comment_status":"open","ping_status":"open","sticky":false,"template":"","format":"standard","meta":{"_acf_changed":false,"_display_image":"","footnotes":""},"categories":[1281],"tags":[1128],"class_list":["post-764466","post","type-post","status-publish","format-standard","has-post-thumbnail","hentry","category-geschaft","tag-viktor-orban"],"blocksy_meta":[],"acf":[],"author_username":"alk","telegram_post":"","public_post_metadata":{"breaking_news":"","important":"","csempe":"","center_tile":"","disable_thumbnail":"","target_lang":"","_featured_image_style":"","telegram_post":"","_xlat_group_id":""},"public_rank_math_data":{"title":"%title% %sep% %sitename%","description":"","focus_keyword":"","canonical_url":"","robots":"","primary_category":"1281","breadcrumb_title":"","facebook_title":"","facebook_description":"","facebook_image":"","facebook_image_id":"","twitter_title":"","twitter_description":"","twitter_image":"","twitter_image_id":"","twitter_card_type":"","twitter_use_facebook":"","advanced_robots":"","pillar_content":"","seo_score":"","contentai_score":"","rich_snippet":""},"_links":{"self":[{"href":"https:\/\/dailynewshungary.com\/de\/wp-json\/wp\/v2\/posts\/764466","targetHints":{"allow":["GET"]}}],"collection":[{"href":"https:\/\/dailynewshungary.com\/de\/wp-json\/wp\/v2\/posts"}],"about":[{"href":"https:\/\/dailynewshungary.com\/de\/wp-json\/wp\/v2\/types\/post"}],"author":[{"embeddable":true,"href":"https:\/\/dailynewshungary.com\/de\/wp-json\/wp\/v2\/users\/2"}],"replies":[{"embeddable":true,"href":"https:\/\/dailynewshungary.com\/de\/wp-json\/wp\/v2\/comments?post=764466"}],"version-history":[{"count":0,"href":"https:\/\/dailynewshungary.com\/de\/wp-json\/wp\/v2\/posts\/764466\/revisions"}],"wp:featuredmedia":[{"embeddable":true,"href":"https:\/\/dailynewshungary.com\/de\/wp-json\/wp\/v2\/media\/764467"}],"wp:attachment":[{"href":"https:\/\/dailynewshungary.com\/de\/wp-json\/wp\/v2\/media?parent=764466"}],"wp:term":[{"taxonomy":"category","embeddable":true,"href":"https:\/\/dailynewshungary.com\/de\/wp-json\/wp\/v2\/categories?post=764466"},{"taxonomy":"post_tag","embeddable":true,"href":"https:\/\/dailynewshungary.com\/de\/wp-json\/wp\/v2\/tags?post=764466"}],"curies":[{"name":"wp","href":"https:\/\/api.w.org\/{rel}","templated":true}]}}