{"id":764564,"date":"2015-10-07T06:29:44","date_gmt":"2015-10-07T04:29:44","guid":{"rendered":"https:\/\/dailynewshungary.com\/de\/im-einzelhandel-zu-erhohende-lohne\/"},"modified":"2015-10-07T06:29:44","modified_gmt":"2015-10-07T04:29:44","slug":"im-einzelhandel-zu-erhohende-lohne","status":"publish","type":"post","link":"https:\/\/dailynewshungary.com\/de\/im-einzelhandel-zu-erhohende-lohne\/","title":{"rendered":"Im Einzelhandel zu erh\u00f6hende L\u00f6hne"},"content":{"rendered":"<p><strong>Im Sommer drohten mehrere Einzelhandelsmitarbeiter mit einem Ausscheiden aus dem Berufsleben, manchmal sogar mit der gesamten Erwerbsbev\u00f6lkerung, weil der Arbeitsaufwand, den sie verrichten mussten, st\u00e4ndig zunahm, ihre L\u00f6hne jedoch niedrig waren und sie keine Gehaltserh\u00f6hung erhielten&nbsp;<span style=\"color: #0000ff;\"><a style=\"color: #0000ff;\" href=\"http:\/\/dex.hu\/x?index_gazdasag_cikklink=http%3A%2F%2Fnol.hu%2Fgazdasag%2Fberemelessel-csabit-az-auchan-1567043\" target=\"_blank\" rel=\"noopener\">nol.hu<\/a><\/span>, im Zusammenhang mit Auchans j\u00fcngster Ank\u00fcndigung, dass ihre 4200 Arbeitnehmer eine Gehaltserh\u00f6hung von 10% erhalten werden, <span style=\"color: #0000ff;\"><a style=\"color: #0000ff;\" href=\"http:\/\/index.hu\/gazdasag\/2015\/10\/05\/fizetesemeles_johet_az_kiskereskedelemben\/\" target=\"_blank\" rel=\"noopener\">Index.hu<\/a> <\/span>Berichtet.<\/strong><\/p>\n<p><span style=\"font-weight: 400;\">Aus Protest, immer mehr Steuern zahlen zu m\u00fcssen, beschlossen multinationale Unternehmen, ihre Ausgaben dort zu k\u00fcrzen, wo sie die L\u00f6hne der Arbeiter erhalten konnten. Diese Methode wurde jedoch unhaltbar und die Unternehmen erkannten, dass die L\u00f6hne angehoben werden mussten, um zu verhindern, dass die Arbeitskr\u00e4fte ins Ausland gehen oder auf besser bezahlte Arbeitspl\u00e4tze umsteigen (z. B. in Automobilfabriken).<\/span><\/p>\n<p><span style=\"font-weight: 400;\">Auchans Entscheidung wird auch andere Unternehmen betreffen, und bei den regelm\u00e4\u00dfig gef\u00fchrten Lohnverhandlungen im Januar wird Auchans 10%-Erh\u00f6hung als Grundlage dienen. Viele Unternehmen warten immer noch auf die offizielle Ank\u00fcndigung der Regierung, den Mindestlohn anzuheben, aber laut Quellen plant Premierminister Viktor Orb\u00e1n auch eine Erh\u00f6hung um 10%. <\/span><\/p>\n<p><i><span style=\"font-weight: 400;\">\u00dcbersetzt von Adrienn Sain<\/span><\/i><\/p>\n","protected":false},"excerpt":{"rendered":"<p>Im Sommer drohten mehrere Einzelhandelsmitarbeiter mit einem Ausscheiden aus dem Berufsleben, manchmal sogar mit der gesamten Erwerbsbev\u00f6lkerung, weil der Arbeitsaufwand, den sie verrichten mussten, st\u00e4ndig zunahm, ihre L\u00f6hne jedoch niedrig waren und sie keine Gehaltserh\u00f6hung erhielten&nbsp;nol.hu, im Zusammenhang mit Auchans j\u00fcngster Ank\u00fcndigung, dass ihre 4200 Arbeitnehmer eine Gehaltserh\u00f6hung von 10% erhalten werden, Index.hu Berichtet. Aus [&hellip;]<\/p>\n","protected":false},"author":2,"featured_media":764565,"comment_status":"open","ping_status":"open","sticky":false,"template":"","format":"standard","meta":{"_acf_changed":false,"_display_image":"","footnotes":""},"categories":[1281],"tags":[1066],"class_list":["post-764564","post","type-post","status-publish","format-standard","has-post-thumbnail","hentry","category-geschaft","tag-hungary"],"blocksy_meta":[],"acf":[],"author_username":"alk","telegram_post":"","public_post_metadata":{"breaking_news":"","important":"","csempe":"","center_tile":"","disable_thumbnail":"","target_lang":"","_featured_image_style":"","telegram_post":"","_xlat_group_id":""},"public_rank_math_data":{"title":"%title% %sep% %sitename%","description":"","focus_keyword":"","canonical_url":"","robots":"","primary_category":"1281","breadcrumb_title":"","facebook_title":"","facebook_description":"","facebook_image":"","facebook_image_id":"","twitter_title":"","twitter_description":"","twitter_image":"","twitter_image_id":"","twitter_card_type":"","twitter_use_facebook":"","advanced_robots":"","pillar_content":"","seo_score":"","contentai_score":"","rich_snippet":""},"_links":{"self":[{"href":"https:\/\/dailynewshungary.com\/de\/wp-json\/wp\/v2\/posts\/764564","targetHints":{"allow":["GET"]}}],"collection":[{"href":"https:\/\/dailynewshungary.com\/de\/wp-json\/wp\/v2\/posts"}],"about":[{"href":"https:\/\/dailynewshungary.com\/de\/wp-json\/wp\/v2\/types\/post"}],"author":[{"embeddable":true,"href":"https:\/\/dailynewshungary.com\/de\/wp-json\/wp\/v2\/users\/2"}],"replies":[{"embeddable":true,"href":"https:\/\/dailynewshungary.com\/de\/wp-json\/wp\/v2\/comments?post=764564"}],"version-history":[{"count":0,"href":"https:\/\/dailynewshungary.com\/de\/wp-json\/wp\/v2\/posts\/764564\/revisions"}],"wp:featuredmedia":[{"embeddable":true,"href":"https:\/\/dailynewshungary.com\/de\/wp-json\/wp\/v2\/media\/764565"}],"wp:attachment":[{"href":"https:\/\/dailynewshungary.com\/de\/wp-json\/wp\/v2\/media?parent=764564"}],"wp:term":[{"taxonomy":"category","embeddable":true,"href":"https:\/\/dailynewshungary.com\/de\/wp-json\/wp\/v2\/categories?post=764564"},{"taxonomy":"post_tag","embeddable":true,"href":"https:\/\/dailynewshungary.com\/de\/wp-json\/wp\/v2\/tags?post=764564"}],"curies":[{"name":"wp","href":"https:\/\/api.w.org\/{rel}","templated":true}]}}