{"id":764676,"date":"2015-10-02T21:10:46","date_gmt":"2015-10-02T19:10:46","guid":{"rendered":"https:\/\/dailynewshungary.com\/de\/ep-delegation-besucht-rotschlamm-katastrophengelande-in-westungarn\/"},"modified":"2015-10-02T21:10:46","modified_gmt":"2015-10-02T19:10:46","slug":"ep-delegation-besucht-rotschlamm-katastrophengelande-in-westungarn","status":"publish","type":"post","link":"https:\/\/dailynewshungary.com\/de\/ep-delegation-besucht-rotschlamm-katastrophengelande-in-westungarn\/","title":{"rendered":"EP-Delegation besucht Rotschlamm-Katastrophengel\u00e4nde in Westungarn"},"content":{"rendered":"<p><strong>Budapest, 2. Oktober (MTI) \u2013 Eine Delegation des Europ\u00e4ischen Parlaments besuchte am Freitag Kolontar in Westungarn, um den Opfern der Rotschlammkatastrophe Tribut zu zollen.<\/strong><\/p>\n<p>Am 4. Oktober 2010 entwichen eine Million Kubikmeter giftiger roter Schlamm aus dem Reservoir der Aluminiumoxidanlage des Unternehmens Mal und \u00fcberschwemmten die umliegenden D\u00f6rfer Kolontar und Somlovasarhely sowie die Stadt Devecser. Bei der giftigen \u00d6lkatastrophe kamen zehn Menschen ums Leben, \u00fcber 200 wurden verletzt, 358 H\u00e4user zerst\u00f6rt, in zwei kleinen Fl\u00fcssen wurde alles Leben ausgel\u00f6scht und \u00fcber 1.000 Hektar Land verschmutzt.<\/p>\n<p>Ulrike Lunacek, Vizepr\u00e4sidentin des EP, bemerkte, dass sie bei ihrem Besuch vor f\u00fcnf Jahren gefordert habe, dass auf innerstaatlicher und europ\u00e4ischer Ebene Ma\u00dfnahmen zur Verhinderung solcher Katastrophen in Betracht gezogen werden m\u00fcsstenDie europ\u00e4ische Praxis beruhe auf dem Prinzip \u201cVerursacher zahlt\u201d und dies sollte auch in Ungarn verst\u00e4rkt werdenf\u00fcgte sie hinzu.<\/p>\n<p>Sie sagte, es sei gut zu sehen, dass die \u00fcberlebenden Opfer der Katastrophe in neue H\u00e4user gezogen seien und ein Denkmal errichtet worden sei.<\/p>\n<p>Benedek Javor, stellvertretender Vorsitzender des Umweltausschusses des EP, sagte, dass der Wiederaufbau nach der Katastrophe den Zentralhaushalt 40 Milliarden Forint (128 Mio. EUR) ungarischer Steuergelder gekostet habe.<\/p>\n<p>Der ungarische Europaabgeordnete forderte eine Gesetzgebung auf europ\u00e4ischer Ebene zur Durchsetzung des Verursacherprinzips und hatte deshalb mit anderen Ausschussmitgliedern eine Plenarsitzung in Stra\u00dfburg initiiert, um die Folgen der Katastrophe zu bewerten und m\u00f6gliche Ma\u00dfnahmen zur Verhinderung \u00e4hnlicher Unf\u00e4lle zu diskutieren Sie haben auch vorgeschlagen, eine Konferenz zu diesem Thema zu organisieren, sagte er.<\/p>\n<p><em>Foto: MTI<\/em><\/p>\n","protected":false},"excerpt":{"rendered":"<p>Budapest, 2. Oktober (MTI) \u2013 Eine Delegation des Europ\u00e4ischen Parlaments besuchte am Freitag Kolontar in Westungarn, um den Opfern der Rotschlammkatastrophe Tribut zu zollen. Am 4. Oktober 2010 entwichen eine Million Kubikmeter giftiger roter Schlamm aus dem Reservoir der Aluminiumoxidanlage des Unternehmens Mal und \u00fcberschwemmten die umliegenden D\u00f6rfer Kolontar und Somlovasarhely sowie die Stadt Devecser. [&hellip;]<\/p>\n","protected":false},"author":3,"featured_media":764677,"comment_status":"open","ping_status":"open","sticky":false,"template":"","format":"standard","meta":{"_acf_changed":false,"_display_image":"","footnotes":""},"categories":[1098],"tags":[1082,1519,1114],"class_list":["post-764676","post","type-post","status-publish","format-standard","has-post-thumbnail","hentry","category-gesellschaft","tag-europaische-union","tag-katastrophe","tag-natur"],"blocksy_meta":[],"acf":[],"author_username":"becsi","telegram_post":"","public_post_metadata":{"breaking_news":"","important":"","csempe":"","center_tile":"","disable_thumbnail":"","target_lang":"","_featured_image_style":"","telegram_post":"","_xlat_group_id":""},"public_rank_math_data":{"title":"%title% %sep% %sitename%","description":"","focus_keyword":"","canonical_url":"","robots":"","primary_category":"1098","breadcrumb_title":"","facebook_title":"","facebook_description":"","facebook_image":"","facebook_image_id":"","twitter_title":"","twitter_description":"","twitter_image":"","twitter_image_id":"","twitter_card_type":"","twitter_use_facebook":"","advanced_robots":"","pillar_content":"","seo_score":"","contentai_score":"","rich_snippet":""},"_links":{"self":[{"href":"https:\/\/dailynewshungary.com\/de\/wp-json\/wp\/v2\/posts\/764676","targetHints":{"allow":["GET"]}}],"collection":[{"href":"https:\/\/dailynewshungary.com\/de\/wp-json\/wp\/v2\/posts"}],"about":[{"href":"https:\/\/dailynewshungary.com\/de\/wp-json\/wp\/v2\/types\/post"}],"author":[{"embeddable":true,"href":"https:\/\/dailynewshungary.com\/de\/wp-json\/wp\/v2\/users\/3"}],"replies":[{"embeddable":true,"href":"https:\/\/dailynewshungary.com\/de\/wp-json\/wp\/v2\/comments?post=764676"}],"version-history":[{"count":0,"href":"https:\/\/dailynewshungary.com\/de\/wp-json\/wp\/v2\/posts\/764676\/revisions"}],"wp:featuredmedia":[{"embeddable":true,"href":"https:\/\/dailynewshungary.com\/de\/wp-json\/wp\/v2\/media\/764677"}],"wp:attachment":[{"href":"https:\/\/dailynewshungary.com\/de\/wp-json\/wp\/v2\/media?parent=764676"}],"wp:term":[{"taxonomy":"category","embeddable":true,"href":"https:\/\/dailynewshungary.com\/de\/wp-json\/wp\/v2\/categories?post=764676"},{"taxonomy":"post_tag","embeddable":true,"href":"https:\/\/dailynewshungary.com\/de\/wp-json\/wp\/v2\/tags?post=764676"}],"curies":[{"name":"wp","href":"https:\/\/api.w.org\/{rel}","templated":true}]}}