{"id":764992,"date":"2015-09-23T18:01:42","date_gmt":"2015-09-23T16:01:42","guid":{"rendered":"https:\/\/dailynewshungary.com\/de\/ungarn-und-die-kosovarischen-agrarminister-diskutieren-uber-bilaterale-zusammenarbeit\/"},"modified":"2015-09-23T18:01:42","modified_gmt":"2015-09-23T16:01:42","slug":"ungarn-und-die-kosovarischen-agrarminister-diskutieren-uber-bilaterale-zusammenarbeit","status":"publish","type":"post","link":"https:\/\/dailynewshungary.com\/de\/ungarn-und-die-kosovarischen-agrarminister-diskutieren-uber-bilaterale-zusammenarbeit\/","title":{"rendered":"Ungarn und die kosovarischen Agrarminister diskutieren \u00fcber bilaterale Zusammenarbeit"},"content":{"rendered":"<p><strong>Budapest, 23. September (MTI) 23 &#8211; Der ungarische Agrarminister Sandor Fazekas und sein kosovarischer Amtskollege Memli Krasniqi diskutierten am Mittwoch in Budapest \u00fcber M\u00f6glichkeiten zur St\u00e4rkung der bilateralen Zusammenarbeit in Landwirtschaft und Handel, teilte das Ministerium mit.<\/strong><\/p>\n<p>Fazekas stellte fest, dass die Experten seines Ministeriums in den vergangenen Jahren an der Umsetzung einer Reihe von Projekten zur Entwicklung der Landwirtschaft und des l\u00e4ndlichen Raums im Kosovo mitgewirkt h\u00e4ttenSie werden ihre Erfahrungen weiterhin mit dem Kosovo teilen, um die Vorbereitungen dieses Landes auf den EU-Beitritt zu unterst\u00fctzen, sagte er.<\/p>\n<p>Fazekas sagte, sein Ministerium strebe eine enge Zusammenarbeit mit dem Kosovo bei der F\u00f6rderung eines vollst\u00e4ndig gentechnikfreien Europas an und bat seinen Amtskollegen, die Initiative zu unterst\u00fctzen.<\/p>\n","protected":false},"excerpt":{"rendered":"<p>Budapest, 23. September (MTI) 23 &#8211; Der ungarische Agrarminister Sandor Fazekas und sein kosovarischer Amtskollege Memli Krasniqi diskutierten am Mittwoch in Budapest \u00fcber M\u00f6glichkeiten zur St\u00e4rkung der bilateralen Zusammenarbeit in Landwirtschaft und Handel, teilte das Ministerium mit. Fazekas stellte fest, dass die Experten seines Ministeriums in den vergangenen Jahren an der Umsetzung einer Reihe von [&hellip;]<\/p>\n","protected":false},"author":2,"featured_media":764993,"comment_status":"open","ping_status":"open","sticky":false,"template":"","format":"standard","meta":{"_acf_changed":false,"_display_image":"","footnotes":""},"categories":[1281],"tags":[1066],"class_list":["post-764992","post","type-post","status-publish","format-standard","has-post-thumbnail","hentry","category-geschaft","tag-hungary"],"blocksy_meta":[],"acf":[],"author_username":"alk","telegram_post":"","public_post_metadata":{"breaking_news":"","important":"","csempe":"","center_tile":"","disable_thumbnail":"","target_lang":"","_featured_image_style":"","telegram_post":"","_xlat_group_id":""},"public_rank_math_data":{"title":"%title% %sep% %sitename%","description":"","focus_keyword":"","canonical_url":"","robots":"","primary_category":"1281","breadcrumb_title":"","facebook_title":"","facebook_description":"","facebook_image":"","facebook_image_id":"","twitter_title":"","twitter_description":"","twitter_image":"","twitter_image_id":"","twitter_card_type":"","twitter_use_facebook":"","advanced_robots":"","pillar_content":"","seo_score":"","contentai_score":"","rich_snippet":""},"_links":{"self":[{"href":"https:\/\/dailynewshungary.com\/de\/wp-json\/wp\/v2\/posts\/764992","targetHints":{"allow":["GET"]}}],"collection":[{"href":"https:\/\/dailynewshungary.com\/de\/wp-json\/wp\/v2\/posts"}],"about":[{"href":"https:\/\/dailynewshungary.com\/de\/wp-json\/wp\/v2\/types\/post"}],"author":[{"embeddable":true,"href":"https:\/\/dailynewshungary.com\/de\/wp-json\/wp\/v2\/users\/2"}],"replies":[{"embeddable":true,"href":"https:\/\/dailynewshungary.com\/de\/wp-json\/wp\/v2\/comments?post=764992"}],"version-history":[{"count":0,"href":"https:\/\/dailynewshungary.com\/de\/wp-json\/wp\/v2\/posts\/764992\/revisions"}],"wp:featuredmedia":[{"embeddable":true,"href":"https:\/\/dailynewshungary.com\/de\/wp-json\/wp\/v2\/media\/764993"}],"wp:attachment":[{"href":"https:\/\/dailynewshungary.com\/de\/wp-json\/wp\/v2\/media?parent=764992"}],"wp:term":[{"taxonomy":"category","embeddable":true,"href":"https:\/\/dailynewshungary.com\/de\/wp-json\/wp\/v2\/categories?post=764992"},{"taxonomy":"post_tag","embeddable":true,"href":"https:\/\/dailynewshungary.com\/de\/wp-json\/wp\/v2\/tags?post=764992"}],"curies":[{"name":"wp","href":"https:\/\/api.w.org\/{rel}","templated":true}]}}