{"id":765152,"date":"2015-09-18T21:00:09","date_gmt":"2015-09-18T19:00:09","guid":{"rendered":"https:\/\/dailynewshungary.com\/de\/die-wirtschaftliche-zusammenarbeit-ungarn-weisrussland-versprechend-sagt-ein-beamter-des-ausenministeriums\/"},"modified":"2015-09-18T21:00:09","modified_gmt":"2015-09-18T19:00:09","slug":"die-wirtschaftliche-zusammenarbeit-ungarn-weisrussland-versprechend-sagt-ein-beamter-des-ausenministeriums","status":"publish","type":"post","link":"https:\/\/dailynewshungary.com\/de\/die-wirtschaftliche-zusammenarbeit-ungarn-weisrussland-versprechend-sagt-ein-beamter-des-ausenministeriums\/","title":{"rendered":"Die wirtschaftliche Zusammenarbeit Ungarn-Wei\u00dfrussland \u201cversprechend\u201d, sagt ein Beamter des Au\u00dfenministeriums"},"content":{"rendered":"<p><strong>Budapest, 18. September (MTI) \u201eDie Zukunft der wirtschaftlichen Zusammenarbeit zwischen Ungarn und Wei\u00dfrussland sieht \u201evielversprechend\u201caus, sagte der Staatssekret\u00e4r des Au\u00dfenministeriums, Laszlo Szabo, im Anschluss an die sechste Sitzung des Zwischenstaatlichen Ausschusses f\u00fcr wirtschaftliche Zusammenarbeit zwischen Ungarn und Wei\u00dfrussland am Freitag.<\/strong><\/p>\n<p>Szabo sagte, der bilaterale Handelsumsatz habe seit 2013 ein dynamisches Wachstum gezeigt, obwohl die Sanktionen gegen Russland im ersten Halbjahr 2015 zu einem leichten R\u00fcckgang des Handels gef\u00fchrt h\u00e4tten.<\/p>\n<p>Er sagte, die wirtschaftlichen Bindungen seien in den Bereichen Landwirtschaft, Innovation, Forschung und Entwicklung, Gesundheitsindustrie und Technologie stark. Szabo sagte, auch die Bindungen zwischen den Hilfsgruppen der beiden L\u00e4nder seien stark.<\/p>\n<p>Die stellvertretende belarussische Au\u00dfenministerin Alena Kupchina, die den Ausschuss mit leitet, sagte, ihr Land sei mit dem wirtschaftlichen Fortschritt Ungarns zufrieden, da dieser die Zusammenarbeit voranbringe. Sie sagte, der Ausschuss habe eine Reihe von Themen er\u00f6rtert, darunter M\u00f6glichkeiten f\u00fcr eine Zusammenarbeit in den Bereichen Tourismus, Bildung und Gesundheitswesen.<\/p>\n<p>Beide Seiten unterzeichneten eine Vereinbarung zwischen dem Ungarischen Nationalen Handelshaus und der Wei\u00dfrussischen Universalen Rohstoffb\u00f6rse.<\/p>\n<p><em>Foto: MTI<\/em><\/p>\n","protected":false},"excerpt":{"rendered":"<p>Budapest, 18. September (MTI) \u201eDie Zukunft der wirtschaftlichen Zusammenarbeit zwischen Ungarn und Wei\u00dfrussland sieht \u201evielversprechend\u201caus, sagte der Staatssekret\u00e4r des Au\u00dfenministeriums, Laszlo Szabo, im Anschluss an die sechste Sitzung des Zwischenstaatlichen Ausschusses f\u00fcr wirtschaftliche Zusammenarbeit zwischen Ungarn und Wei\u00dfrussland am Freitag. Szabo sagte, der bilaterale Handelsumsatz habe seit 2013 ein dynamisches Wachstum gezeigt, obwohl die Sanktionen [&hellip;]<\/p>\n","protected":false},"author":2,"featured_media":765153,"comment_status":"open","ping_status":"open","sticky":false,"template":"","format":"standard","meta":{"_acf_changed":false,"_display_image":"","footnotes":""},"categories":[1281],"tags":[1066],"class_list":["post-765152","post","type-post","status-publish","format-standard","has-post-thumbnail","hentry","category-geschaft","tag-hungary"],"blocksy_meta":[],"acf":[],"author_username":"alk","telegram_post":"","public_post_metadata":{"breaking_news":"","important":"","csempe":"","center_tile":"","disable_thumbnail":"","target_lang":"","_featured_image_style":"","telegram_post":"","_xlat_group_id":""},"public_rank_math_data":{"title":"%title% %sep% %sitename%","description":"","focus_keyword":"","canonical_url":"","robots":"","primary_category":"1281","breadcrumb_title":"","facebook_title":"","facebook_description":"","facebook_image":"","facebook_image_id":"","twitter_title":"","twitter_description":"","twitter_image":"","twitter_image_id":"","twitter_card_type":"","twitter_use_facebook":"","advanced_robots":"","pillar_content":"","seo_score":"","contentai_score":"","rich_snippet":""},"_links":{"self":[{"href":"https:\/\/dailynewshungary.com\/de\/wp-json\/wp\/v2\/posts\/765152","targetHints":{"allow":["GET"]}}],"collection":[{"href":"https:\/\/dailynewshungary.com\/de\/wp-json\/wp\/v2\/posts"}],"about":[{"href":"https:\/\/dailynewshungary.com\/de\/wp-json\/wp\/v2\/types\/post"}],"author":[{"embeddable":true,"href":"https:\/\/dailynewshungary.com\/de\/wp-json\/wp\/v2\/users\/2"}],"replies":[{"embeddable":true,"href":"https:\/\/dailynewshungary.com\/de\/wp-json\/wp\/v2\/comments?post=765152"}],"version-history":[{"count":0,"href":"https:\/\/dailynewshungary.com\/de\/wp-json\/wp\/v2\/posts\/765152\/revisions"}],"wp:featuredmedia":[{"embeddable":true,"href":"https:\/\/dailynewshungary.com\/de\/wp-json\/wp\/v2\/media\/765153"}],"wp:attachment":[{"href":"https:\/\/dailynewshungary.com\/de\/wp-json\/wp\/v2\/media?parent=765152"}],"wp:term":[{"taxonomy":"category","embeddable":true,"href":"https:\/\/dailynewshungary.com\/de\/wp-json\/wp\/v2\/categories?post=765152"},{"taxonomy":"post_tag","embeddable":true,"href":"https:\/\/dailynewshungary.com\/de\/wp-json\/wp\/v2\/tags?post=765152"}],"curies":[{"name":"wp","href":"https:\/\/api.w.org\/{rel}","templated":true}]}}