{"id":765721,"date":"2015-09-04T06:30:20","date_gmt":"2015-09-04T04:30:20","guid":{"rendered":"https:\/\/dailynewshungary.com\/de\/wirtschaftsminister-die-wirtschaftsbeziehungen-zwischen-ungarn-und-iran-werden-ausgebaut\/"},"modified":"2015-09-04T06:30:20","modified_gmt":"2015-09-04T04:30:20","slug":"wirtschaftsminister-die-wirtschaftsbeziehungen-zwischen-ungarn-und-iran-werden-ausgebaut","status":"publish","type":"post","link":"https:\/\/dailynewshungary.com\/de\/wirtschaftsminister-die-wirtschaftsbeziehungen-zwischen-ungarn-und-iran-werden-ausgebaut\/","title":{"rendered":"Wirtschaftsminister: Die Wirtschaftsbeziehungen zwischen Ungarn und Iran werden ausgebaut"},"content":{"rendered":"<p><strong>Budapest (MTI) Ungarns Wirtschaftsminister habe mit einem hochrangigen iranischen Beamten \u00fcber M\u00f6glichkeiten zum Ausbau der Wirtschaftsbeziehungen zwischen den beiden L\u00e4ndern verhandelt, teilte das Ministerium am Donnerstag in einer Erkl\u00e4rung mit.<\/strong><\/p>\n<p>Mihaly Varga traf Majid Takht-Ravanchi, den stellvertretenden iranischen Au\u00dfenminister, der f\u00fcr die Beziehungen zwischen Europa und den USA zust\u00e4ndig ist, und sie begr\u00fc\u00dften das am 14. Juli in Wien unterzeichnete Atomabkommen, das voraussichtlich zum Abbau der Sanktionen f\u00fchren wird, \u201ewas ein neues Kapitel aufschlagen k\u00f6nnte.\u201cin den Beziehungen\u201d zwischen Ungarn und Iran.<\/p>\n<p>Im Mittelpunkt der Gespr\u00e4che standen mehrere laufende \u00dcbereinkommen, darunter eine Vereinbarung zur doppelten Steuervermeidung.<\/p>\n<p>Varga sagte, dass die Vorbereitungen f\u00fcr ein Abkommen \u00fcber den Investitionsschutz zwischen Ungarn und Iran sowie ein weiteres \u00fcber die zwischenstaatliche wirtschaftliche Zusammenarbeit im Gange seien.<\/p>\n<p>Bei dem Treffen wurden Hoffnungen ge\u00e4u\u00dfert, dass die allgemeinen Beziehungen zwischen den beiden L\u00e4ndern nach dem Abbau der Sanktionen ausgeweitet w\u00fcrden.<\/p>\n","protected":false},"excerpt":{"rendered":"<p>Budapest (MTI) Ungarns Wirtschaftsminister habe mit einem hochrangigen iranischen Beamten \u00fcber M\u00f6glichkeiten zum Ausbau der Wirtschaftsbeziehungen zwischen den beiden L\u00e4ndern verhandelt, teilte das Ministerium am Donnerstag in einer Erkl\u00e4rung mit. Mihaly Varga traf Majid Takht-Ravanchi, den stellvertretenden iranischen Au\u00dfenminister, der f\u00fcr die Beziehungen zwischen Europa und den USA zust\u00e4ndig ist, und sie begr\u00fc\u00dften das am [&hellip;]<\/p>\n","protected":false},"author":2,"featured_media":765722,"comment_status":"open","ping_status":"open","sticky":false,"template":"","format":"standard","meta":{"_acf_changed":false,"_display_image":"","footnotes":""},"categories":[1281],"tags":[4069],"class_list":["post-765721","post","type-post","status-publish","format-standard","has-post-thumbnail","hentry","category-geschaft","tag-mitte-osten"],"blocksy_meta":[],"acf":[],"author_username":"alk","telegram_post":"","public_post_metadata":{"breaking_news":"","important":"","csempe":"","center_tile":"","disable_thumbnail":"","target_lang":"","_featured_image_style":"","telegram_post":"","_xlat_group_id":""},"public_rank_math_data":{"title":"%title% %sep% %sitename%","description":"","focus_keyword":"","canonical_url":"","robots":"","primary_category":"1281","breadcrumb_title":"","facebook_title":"","facebook_description":"","facebook_image":"","facebook_image_id":"","twitter_title":"","twitter_description":"","twitter_image":"","twitter_image_id":"","twitter_card_type":"","twitter_use_facebook":"","advanced_robots":"","pillar_content":"","seo_score":"","contentai_score":"","rich_snippet":""},"_links":{"self":[{"href":"https:\/\/dailynewshungary.com\/de\/wp-json\/wp\/v2\/posts\/765721","targetHints":{"allow":["GET"]}}],"collection":[{"href":"https:\/\/dailynewshungary.com\/de\/wp-json\/wp\/v2\/posts"}],"about":[{"href":"https:\/\/dailynewshungary.com\/de\/wp-json\/wp\/v2\/types\/post"}],"author":[{"embeddable":true,"href":"https:\/\/dailynewshungary.com\/de\/wp-json\/wp\/v2\/users\/2"}],"replies":[{"embeddable":true,"href":"https:\/\/dailynewshungary.com\/de\/wp-json\/wp\/v2\/comments?post=765721"}],"version-history":[{"count":0,"href":"https:\/\/dailynewshungary.com\/de\/wp-json\/wp\/v2\/posts\/765721\/revisions"}],"wp:featuredmedia":[{"embeddable":true,"href":"https:\/\/dailynewshungary.com\/de\/wp-json\/wp\/v2\/media\/765722"}],"wp:attachment":[{"href":"https:\/\/dailynewshungary.com\/de\/wp-json\/wp\/v2\/media?parent=765721"}],"wp:term":[{"taxonomy":"category","embeddable":true,"href":"https:\/\/dailynewshungary.com\/de\/wp-json\/wp\/v2\/categories?post=765721"},{"taxonomy":"post_tag","embeddable":true,"href":"https:\/\/dailynewshungary.com\/de\/wp-json\/wp\/v2\/tags?post=765721"}],"curies":[{"name":"wp","href":"https:\/\/api.w.org\/{rel}","templated":true}]}}