{"id":765769,"date":"2015-09-02T22:30:49","date_gmt":"2015-09-02T20:30:49","guid":{"rendered":"https:\/\/dailynewshungary.com\/de\/ein-transparenteres-umfeld-konnte-mehr-investoren-anziehen-sagt-der-niederlandische-botschafter\/"},"modified":"2015-09-02T22:30:49","modified_gmt":"2015-09-02T20:30:49","slug":"ein-transparenteres-umfeld-konnte-mehr-investoren-anziehen-sagt-der-niederlandische-botschafter","status":"publish","type":"post","link":"https:\/\/dailynewshungary.com\/de\/ein-transparenteres-umfeld-konnte-mehr-investoren-anziehen-sagt-der-niederlandische-botschafter\/","title":{"rendered":"Ein transparenteres Umfeld k\u00f6nnte mehr Investoren anziehen, sagt der niederl\u00e4ndische Botschafter"},"content":{"rendered":"<p><strong>Budapest, 2. September (MTI) \u2013 Ein transparenteres und vorhersehbareres Gesch\u00e4ftsumfeld k\u00f6nnte weitere ausl\u00e4ndische Unternehmen dazu bewegen, Investitionen in Ungarn zu t\u00e4tigen, sagte der niederl\u00e4ndische Botschafter am Mittwoch.<\/strong><\/p>\n<p>Gajus Scheltema sprach am Rande eines Besuchs in einem Montagewerk des Fahrradherstellers Accell Hunland in Toszeg in Zentralungarn und stellte fest, dass sein Land bereits der dritt- bis viertgr\u00f6\u00dfte Investor in Ungarn sei.<\/p>\n<p>Der Botschafter f\u00fcgte hinzu, dass fast alle gro\u00dfen niederl\u00e4ndischen Firmen Niederlassungen im Land h\u00e4tten, und schlug vor, dass ein g\u00fcnstigeres Umfeld eine Reihe anderer Gesch\u00e4ftsbereiter anziehen k\u00f6nnte.<\/p>\n<p>Accell Hunland, eine Tochtergesellschaft der niederl\u00e4ndischen Accell Group, wurde 2001 gegr\u00fcndet. Seitdem hat das Unternehmen fast 2 Millionen Fahrr\u00e4der montiert.<\/p>\n","protected":false},"excerpt":{"rendered":"<p>Budapest, 2. September (MTI) \u2013 Ein transparenteres und vorhersehbareres Gesch\u00e4ftsumfeld k\u00f6nnte weitere ausl\u00e4ndische Unternehmen dazu bewegen, Investitionen in Ungarn zu t\u00e4tigen, sagte der niederl\u00e4ndische Botschafter am Mittwoch. Gajus Scheltema sprach am Rande eines Besuchs in einem Montagewerk des Fahrradherstellers Accell Hunland in Toszeg in Zentralungarn und stellte fest, dass sein Land bereits der dritt- bis [&hellip;]<\/p>\n","protected":false},"author":2,"featured_media":765770,"comment_status":"open","ping_status":"open","sticky":false,"template":"","format":"standard","meta":{"_acf_changed":false,"_display_image":"","footnotes":""},"categories":[1281],"tags":[1066],"class_list":["post-765769","post","type-post","status-publish","format-standard","has-post-thumbnail","hentry","category-geschaft","tag-hungary"],"blocksy_meta":[],"acf":[],"author_username":"alk","telegram_post":"","public_post_metadata":{"breaking_news":"","important":"","csempe":"","center_tile":"","disable_thumbnail":"","target_lang":"","_featured_image_style":"","telegram_post":"","_xlat_group_id":""},"public_rank_math_data":{"title":"%title% %sep% %sitename%","description":"","focus_keyword":"","canonical_url":"","robots":"","primary_category":"1281","breadcrumb_title":"","facebook_title":"","facebook_description":"","facebook_image":"","facebook_image_id":"","twitter_title":"","twitter_description":"","twitter_image":"","twitter_image_id":"","twitter_card_type":"","twitter_use_facebook":"","advanced_robots":"","pillar_content":"","seo_score":"","contentai_score":"","rich_snippet":""},"_links":{"self":[{"href":"https:\/\/dailynewshungary.com\/de\/wp-json\/wp\/v2\/posts\/765769","targetHints":{"allow":["GET"]}}],"collection":[{"href":"https:\/\/dailynewshungary.com\/de\/wp-json\/wp\/v2\/posts"}],"about":[{"href":"https:\/\/dailynewshungary.com\/de\/wp-json\/wp\/v2\/types\/post"}],"author":[{"embeddable":true,"href":"https:\/\/dailynewshungary.com\/de\/wp-json\/wp\/v2\/users\/2"}],"replies":[{"embeddable":true,"href":"https:\/\/dailynewshungary.com\/de\/wp-json\/wp\/v2\/comments?post=765769"}],"version-history":[{"count":0,"href":"https:\/\/dailynewshungary.com\/de\/wp-json\/wp\/v2\/posts\/765769\/revisions"}],"wp:featuredmedia":[{"embeddable":true,"href":"https:\/\/dailynewshungary.com\/de\/wp-json\/wp\/v2\/media\/765770"}],"wp:attachment":[{"href":"https:\/\/dailynewshungary.com\/de\/wp-json\/wp\/v2\/media?parent=765769"}],"wp:term":[{"taxonomy":"category","embeddable":true,"href":"https:\/\/dailynewshungary.com\/de\/wp-json\/wp\/v2\/categories?post=765769"},{"taxonomy":"post_tag","embeddable":true,"href":"https:\/\/dailynewshungary.com\/de\/wp-json\/wp\/v2\/tags?post=765769"}],"curies":[{"name":"wp","href":"https:\/\/api.w.org\/{rel}","templated":true}]}}