{"id":766225,"date":"2015-08-12T13:08:24","date_gmt":"2015-08-12T11:08:24","guid":{"rendered":"https:\/\/dailynewshungary.com\/de\/staat-der-bis-zum-jahresende-anteile-im-ersten-erwerben-soll\/"},"modified":"2015-08-12T13:08:24","modified_gmt":"2015-08-12T11:08:24","slug":"staat-der-bis-zum-jahresende-anteile-im-ersten-erwerben-soll","status":"publish","type":"post","link":"https:\/\/dailynewshungary.com\/de\/staat-der-bis-zum-jahresende-anteile-im-ersten-erwerben-soll\/","title":{"rendered":"Staat, der bis zum Jahresende Anteile im Ersten erwerben soll"},"content":{"rendered":"<p><strong>Budapest, 12. August (MTI) \u2013 Der ungarische Staat und die Europ\u00e4ische Bank f\u00fcr Wiederaufbau und Entwicklung (EBWE) haben sich verpflichtet, bis Ende des Jahres Minderheitsbeteiligungen an der Erste Bank Ungarn zu erwerben, teilte die Tageszeitung Napi Gazdasag am Mittwoch mit.<\/strong><\/p>\n<p>Das Kabinettsb\u00fcro und EBWE-Sprecher Anthony Williams sagte der Zeitung, dass die Gespr\u00e4che \u00fcber die \u00dcbernahme gem\u00e4\u00df dem von den beteiligten Parteien vereinbarten Zeitplan voranschreiten.<\/p>\n<p>Die Regierung strebe an, die Transaktion in den kommenden Monaten abzuschlie\u00dfen, sp\u00e4testens jedoch Ende dieses Jahres, hei\u00dft es in dem Papier.<\/p>\n<p>Ungarns Regierung und die EBWE einigten sich im Februar darauf, Anteile von bis zu 15 Prozent pro St\u00fcck an der ungarischen Einheit der \u00f6sterreichischen Erste-Gruppe zu kaufen. Die Regierung k\u00fcndigte au\u00dferdem eine Senkung der Bankenabgabe an.<\/p>\n<p>Die urspr\u00fcngliche Frist f\u00fcr den Erwerb der Anteile endete am 30. Juni.<\/p>\n<p>Williams sagte gegen\u00fcber Napi Gazdasag, dass die EBWE gegen\u00fcber der Regierung ihre Besorgnis \u00fcber einen Aufstockungsfonds ge\u00e4u\u00dfert habe, der eingerichtet wurde, um Anleger zu entsch\u00e4digen, die im Qu\u00e4stor-Broker-Skandal Geld verloren habenEs besteht die Hoffnung, dass eine L\u00f6sung dem Geist der Vereinbarung mit der EBWE entsprichtf\u00fcgte er hinzu.<\/p>\n<p>Der von Banken beschaffte Aufstockungsfonds wird vor Gericht angefochten.<\/p>\n","protected":false},"excerpt":{"rendered":"<p>Budapest, 12. August (MTI) \u2013 Der ungarische Staat und die Europ\u00e4ische Bank f\u00fcr Wiederaufbau und Entwicklung (EBWE) haben sich verpflichtet, bis Ende des Jahres Minderheitsbeteiligungen an der Erste Bank Ungarn zu erwerben, teilte die Tageszeitung Napi Gazdasag am Mittwoch mit. Das Kabinettsb\u00fcro und EBWE-Sprecher Anthony Williams sagte der Zeitung, dass die Gespr\u00e4che \u00fcber die \u00dcbernahme [&hellip;]<\/p>\n","protected":false},"author":2,"featured_media":766226,"comment_status":"open","ping_status":"open","sticky":false,"template":"","format":"standard","meta":{"_acf_changed":false,"_display_image":"","footnotes":""},"categories":[1281],"tags":[3757,1104],"class_list":["post-766225","post","type-post","status-publish","format-standard","has-post-thumbnail","hentry","category-geschaft","tag-ebwe","tag-wirtschaft"],"blocksy_meta":[],"acf":[],"author_username":"alk","telegram_post":"","public_post_metadata":{"breaking_news":"","important":"","csempe":"","center_tile":"","disable_thumbnail":"","target_lang":"","_featured_image_style":"","telegram_post":"","_xlat_group_id":""},"public_rank_math_data":{"title":"%title% %sep% %sitename%","description":"","focus_keyword":"","canonical_url":"","robots":"","primary_category":"1281","breadcrumb_title":"","facebook_title":"","facebook_description":"","facebook_image":"","facebook_image_id":"","twitter_title":"","twitter_description":"","twitter_image":"","twitter_image_id":"","twitter_card_type":"","twitter_use_facebook":"","advanced_robots":"","pillar_content":"","seo_score":"","contentai_score":"","rich_snippet":""},"_links":{"self":[{"href":"https:\/\/dailynewshungary.com\/de\/wp-json\/wp\/v2\/posts\/766225","targetHints":{"allow":["GET"]}}],"collection":[{"href":"https:\/\/dailynewshungary.com\/de\/wp-json\/wp\/v2\/posts"}],"about":[{"href":"https:\/\/dailynewshungary.com\/de\/wp-json\/wp\/v2\/types\/post"}],"author":[{"embeddable":true,"href":"https:\/\/dailynewshungary.com\/de\/wp-json\/wp\/v2\/users\/2"}],"replies":[{"embeddable":true,"href":"https:\/\/dailynewshungary.com\/de\/wp-json\/wp\/v2\/comments?post=766225"}],"version-history":[{"count":0,"href":"https:\/\/dailynewshungary.com\/de\/wp-json\/wp\/v2\/posts\/766225\/revisions"}],"wp:featuredmedia":[{"embeddable":true,"href":"https:\/\/dailynewshungary.com\/de\/wp-json\/wp\/v2\/media\/766226"}],"wp:attachment":[{"href":"https:\/\/dailynewshungary.com\/de\/wp-json\/wp\/v2\/media?parent=766225"}],"wp:term":[{"taxonomy":"category","embeddable":true,"href":"https:\/\/dailynewshungary.com\/de\/wp-json\/wp\/v2\/categories?post=766225"},{"taxonomy":"post_tag","embeddable":true,"href":"https:\/\/dailynewshungary.com\/de\/wp-json\/wp\/v2\/tags?post=766225"}],"curies":[{"name":"wp","href":"https:\/\/api.w.org\/{rel}","templated":true}]}}