{"id":766241,"date":"2015-08-11T21:57:42","date_gmt":"2015-08-11T19:57:42","guid":{"rendered":"https:\/\/dailynewshungary.com\/de\/der-ungarische-pavillon-auf-der-mailander-expo-zieht-fast-eine-million-besucher-an\/"},"modified":"2015-08-11T21:57:42","modified_gmt":"2015-08-11T19:57:42","slug":"der-ungarische-pavillon-auf-der-mailander-expo-zieht-fast-eine-million-besucher-an","status":"publish","type":"post","link":"https:\/\/dailynewshungary.com\/de\/der-ungarische-pavillon-auf-der-mailander-expo-zieht-fast-eine-million-besucher-an\/","title":{"rendered":"Der ungarische Pavillon auf der Mail\u00e4nder Expo zieht fast eine Million Besucher an"},"content":{"rendered":"<p><strong>Budapest, 11. August (MTI) \u2013 Der ungarische Pavillon auf der Mail\u00e4nder Weltausstellung zog in den ersten drei Monaten fast eine Million Besucher an, sagte der f\u00fcr den Pavillon zust\u00e4ndige Regierungskommissar am Dienstag.<\/strong><\/p>\n<p>\u201cZwischen der Halbzeit\u201d wurde die Expo von mehr als 10 Millionen Menschen besucht und ein Zehntel von ihnen sah auch den ungarischen Pavillon, sagte Geza Szocs auf einer Pressekonferenz.<\/p>\n<p>Unter den ungarischen \u201cFeats\u201d, die auf der Expo pr\u00e4sentiert wurden, hob er das von Gergely Boganyi entwickelte \u201cWunderklavier\u201d hervor, die Uniformen, die von ungarischen Hostessen getragen wurden, die einen Hauptpreis f\u00fcr ihre Designerin Dora Abodi einbrachten, und ungarisches Mineralwasser, Bier, Paprika, Honig und Traber.<\/p>\n<p>W\u00e4hrend der sechs Monate der Expo soll Ungarn mehr als 10 Ausstellungen, 150 T\u00e4nzer, 70 Musiker, 45 Hungaricums und 10 Konferenzen pr\u00e4sentieren Die Konzerte, Ausstellungen und Performances werden nicht nur in Mailand, sondern auch in nahegelegenen St\u00e4dten wie Cremona, Monza und Varese veranstaltet, sagte er.<\/p>\n<p>Am 18. August werden alle drei Schwestern des Schacholympiasiegers Polgar bei einer Simultanausstellung spielen, an der auch der Chef des italienischen Schachverbandes teilnehmen will, f\u00fcgte er hinzu.<\/p>\n<p><em>Foto: MTI<\/em><\/p>\n","protected":false},"excerpt":{"rendered":"<p>Budapest, 11. August (MTI) \u2013 Der ungarische Pavillon auf der Mail\u00e4nder Weltausstellung zog in den ersten drei Monaten fast eine Million Besucher an, sagte der f\u00fcr den Pavillon zust\u00e4ndige Regierungskommissar am Dienstag. \u201cZwischen der Halbzeit\u201d wurde die Expo von mehr als 10 Millionen Menschen besucht und ein Zehntel von ihnen sah auch den ungarischen Pavillon, [&hellip;]<\/p>\n","protected":false},"author":2,"featured_media":766242,"comment_status":"open","ping_status":"open","sticky":false,"template":"","format":"standard","meta":{"_acf_changed":false,"_display_image":"","footnotes":""},"categories":[1151],"tags":[1232,2256],"class_list":["post-766241","post","type-post","status-publish","format-standard","has-post-thumbnail","hentry","category-kulturen","tag-ausstellung","tag-expo"],"blocksy_meta":[],"acf":[],"author_username":"alk","telegram_post":"","public_post_metadata":{"breaking_news":"","important":"","csempe":"","center_tile":"","disable_thumbnail":"","target_lang":"","_featured_image_style":"","telegram_post":"","_xlat_group_id":""},"public_rank_math_data":{"title":"%title% %sep% %sitename%","description":"","focus_keyword":"","canonical_url":"","robots":"","primary_category":"1151","breadcrumb_title":"","facebook_title":"","facebook_description":"","facebook_image":"","facebook_image_id":"","twitter_title":"","twitter_description":"","twitter_image":"","twitter_image_id":"","twitter_card_type":"","twitter_use_facebook":"","advanced_robots":"","pillar_content":"","seo_score":"","contentai_score":"","rich_snippet":""},"_links":{"self":[{"href":"https:\/\/dailynewshungary.com\/de\/wp-json\/wp\/v2\/posts\/766241","targetHints":{"allow":["GET"]}}],"collection":[{"href":"https:\/\/dailynewshungary.com\/de\/wp-json\/wp\/v2\/posts"}],"about":[{"href":"https:\/\/dailynewshungary.com\/de\/wp-json\/wp\/v2\/types\/post"}],"author":[{"embeddable":true,"href":"https:\/\/dailynewshungary.com\/de\/wp-json\/wp\/v2\/users\/2"}],"replies":[{"embeddable":true,"href":"https:\/\/dailynewshungary.com\/de\/wp-json\/wp\/v2\/comments?post=766241"}],"version-history":[{"count":0,"href":"https:\/\/dailynewshungary.com\/de\/wp-json\/wp\/v2\/posts\/766241\/revisions"}],"wp:featuredmedia":[{"embeddable":true,"href":"https:\/\/dailynewshungary.com\/de\/wp-json\/wp\/v2\/media\/766242"}],"wp:attachment":[{"href":"https:\/\/dailynewshungary.com\/de\/wp-json\/wp\/v2\/media?parent=766241"}],"wp:term":[{"taxonomy":"category","embeddable":true,"href":"https:\/\/dailynewshungary.com\/de\/wp-json\/wp\/v2\/categories?post=766241"},{"taxonomy":"post_tag","embeddable":true,"href":"https:\/\/dailynewshungary.com\/de\/wp-json\/wp\/v2\/tags?post=766241"}],"curies":[{"name":"wp","href":"https:\/\/api.w.org\/{rel}","templated":true}]}}