{"id":766253,"date":"2015-08-11T16:30:04","date_gmt":"2015-08-11T14:30:04","guid":{"rendered":"https:\/\/dailynewshungary.com\/de\/afghanische-botschaft-in-budapest-geschlossen\/"},"modified":"2015-08-11T16:30:04","modified_gmt":"2015-08-11T14:30:04","slug":"afghanische-botschaft-in-budapest-geschlossen","status":"publish","type":"post","link":"https:\/\/dailynewshungary.com\/de\/afghanische-botschaft-in-budapest-geschlossen\/","title":{"rendered":"Afghanische Botschaft in Budapest geschlossen"},"content":{"rendered":"<p><strong>Budapest, 11. August (MTI) \u2013 Die afghanische Botschaft in Budapest wurde mit Wirkung zum 1. Juli aus Spargr\u00fcnden geschlossen, teilte das Online-Nachrichtenportal hvg.hu am Dienstag mit.<\/strong><\/p>\n<p>Auf der Website hie\u00df es, die Informationen seien vom ungarischen Au\u00dfenministerium best\u00e4tigt wordenDas Ministerium schlug vor, dass die afghanische Regierung ihr Netzwerk ausl\u00e4ndischer Repr\u00e4sentanzen beschnitten habe, um Geld zu sparen.<\/p>\n<p>Es gab keine Antwort von der Botschaft, als das Portal versuchte, es telefonisch oder per E-Mail zu kontaktieren Die Website der Botschaft funktioniert praktisch nicht mehr, sagte hvg.hu.<\/p>\n<p>Auf der Website wurde Zsuzsa Zsohar, Sprecherin von Migration Aid, einer Organisation, die mit Fl\u00fcchtlingen arbeitet, mit den Worten zitiert, Afghanistan habe seine B\u00fcrger im Stich gelassen, indem es die Budapester Botschaft geschlossen habeDie Fl\u00fcchtlinge w\u00fcrden sich an die Botschaft wenden, wenn sie Dokumente oder Dolmetscher ben\u00f6tigen und es sei auch Aufgabe der Botschaft, Geburts &#8211; oder Sterbeurkunden auszustellenDie Fl\u00fcchtlinge haben nun keine andere Wahl, als sich \u00fcber die ungarische Einwanderungsbeh\u00f6rde an die afghanische Botschaft in Wien zu wenden, da sie in den meisten F\u00e4llen kein Geld zum Telefonieren haben und die Grenze nicht \u00fcberschreiten d\u00fcrfen.<\/p>\n<p>Gabor Gyulai, Programmleiter f\u00fcr Fl\u00fcchtlingsangelegenheiten des Helsinki-Komitees, sagte gegen\u00fcber hvg.hu, dass die Schlie\u00dfung der Botschaft denjenigen, die nach Afghanistan zur\u00fcckkehren m\u00f6chten, das gr\u00f6\u00dfte Problem bereiten k\u00f6nnte. Nach Angaben des Komitees halten sich derzeit 5-6.000 Asylsuchende in Ungarn auf, darunter 2.000 afghanische Staatsb\u00fcrger.<\/p>\n","protected":false},"excerpt":{"rendered":"<p>Budapest, 11. August (MTI) \u2013 Die afghanische Botschaft in Budapest wurde mit Wirkung zum 1. Juli aus Spargr\u00fcnden geschlossen, teilte das Online-Nachrichtenportal hvg.hu am Dienstag mit. Auf der Website hie\u00df es, die Informationen seien vom ungarischen Au\u00dfenministerium best\u00e4tigt wordenDas Ministerium schlug vor, dass die afghanische Regierung ihr Netzwerk ausl\u00e4ndischer Repr\u00e4sentanzen beschnitten habe, um Geld zu [&hellip;]<\/p>\n","protected":false},"author":2,"featured_media":766254,"comment_status":"open","ping_status":"open","sticky":false,"template":"","format":"standard","meta":{"_acf_changed":false,"_display_image":"","footnotes":""},"categories":[1081],"tags":[4069],"class_list":["post-766253","post","type-post","status-publish","format-standard","has-post-thumbnail","hentry","category-politik","tag-mitte-osten"],"blocksy_meta":[],"acf":[],"author_username":"alk","telegram_post":"","public_post_metadata":{"breaking_news":"","important":"","csempe":"","center_tile":"","disable_thumbnail":"","target_lang":"","_featured_image_style":"","telegram_post":"","_xlat_group_id":""},"public_rank_math_data":{"title":"%title% %sep% %sitename%","description":"","focus_keyword":"","canonical_url":"","robots":"","primary_category":"1081","breadcrumb_title":"","facebook_title":"","facebook_description":"","facebook_image":"","facebook_image_id":"","twitter_title":"","twitter_description":"","twitter_image":"","twitter_image_id":"","twitter_card_type":"","twitter_use_facebook":"","advanced_robots":"","pillar_content":"","seo_score":"","contentai_score":"","rich_snippet":""},"_links":{"self":[{"href":"https:\/\/dailynewshungary.com\/de\/wp-json\/wp\/v2\/posts\/766253","targetHints":{"allow":["GET"]}}],"collection":[{"href":"https:\/\/dailynewshungary.com\/de\/wp-json\/wp\/v2\/posts"}],"about":[{"href":"https:\/\/dailynewshungary.com\/de\/wp-json\/wp\/v2\/types\/post"}],"author":[{"embeddable":true,"href":"https:\/\/dailynewshungary.com\/de\/wp-json\/wp\/v2\/users\/2"}],"replies":[{"embeddable":true,"href":"https:\/\/dailynewshungary.com\/de\/wp-json\/wp\/v2\/comments?post=766253"}],"version-history":[{"count":0,"href":"https:\/\/dailynewshungary.com\/de\/wp-json\/wp\/v2\/posts\/766253\/revisions"}],"wp:featuredmedia":[{"embeddable":true,"href":"https:\/\/dailynewshungary.com\/de\/wp-json\/wp\/v2\/media\/766254"}],"wp:attachment":[{"href":"https:\/\/dailynewshungary.com\/de\/wp-json\/wp\/v2\/media?parent=766253"}],"wp:term":[{"taxonomy":"category","embeddable":true,"href":"https:\/\/dailynewshungary.com\/de\/wp-json\/wp\/v2\/categories?post=766253"},{"taxonomy":"post_tag","embeddable":true,"href":"https:\/\/dailynewshungary.com\/de\/wp-json\/wp\/v2\/tags?post=766253"}],"curies":[{"name":"wp","href":"https:\/\/api.w.org\/{rel}","templated":true}]}}