{"id":766277,"date":"2015-08-10T14:00:13","date_gmt":"2015-08-10T12:00:13","guid":{"rendered":"https:\/\/dailynewshungary.com\/de\/staat-soll-mkb-bis-anfang-2016-verkaufen\/"},"modified":"2015-08-10T14:00:13","modified_gmt":"2015-08-10T12:00:13","slug":"staat-soll-mkb-bis-anfang-2016-verkaufen","status":"publish","type":"post","link":"https:\/\/dailynewshungary.com\/de\/staat-soll-mkb-bis-anfang-2016-verkaufen\/","title":{"rendered":"Staat soll MKB bis Anfang 2016 verkaufen"},"content":{"rendered":"<p><strong>Budapest, 10. August (MTI) \u2013 Der Staat Ungarn will die MKB Bank, die er letztes Jahr von der BayernLB \u00fcbernommen hat, bis Anfang 2016 verkaufen, sagte Vorstandsvorsitzender Adam Balog gegen\u00fcber MTI.<\/strong><\/p>\n<p>Der Verkauf werde keine konventionelle Privatisierung sein, da die Transaktion an Vorschriften im Rettungsgesetz gebunden sei, sagte Balog. Die Ungarische Nationalbank, die Eigentumsrechte an MKB aus\u00fcbt, werde MKB mit allen Mitteln unterst\u00fctzen, die zur Erreichung des Zieldatums erforderlich seien, f\u00fcgte er hinzu.<\/p>\n<p>Balog sagte, die Sanierung des MKB-Portfolios schreite voran. Eine Reihe gro\u00dfer Verm\u00f6genswerte seien bereits an Banken verkauft worden, die zuvor mit MKB \u00fcber Konsortialkredite zusammengearbeitet h\u00e4tten, und einige seien auf den Geldm\u00e4rkten verkauft worden, sagte er. Verm\u00f6genswerte im Portfolio, die nicht verkauft werden k\u00f6nnen, w\u00fcrden im Herbst von einem vom Rettungsfonds eingerichteten Verm\u00f6gensverwalter \u00fcbernommen, f\u00fcgte er hinzu.<\/p>\n<p>Balog stellte fest, dass der Verm\u00f6gensverwalter eine v\u00f6llig von der Ungarischen Reorganisations- und Forderungsverwaltungsgesellschaft (MARK) getrennte Einheit ist, die letztes Jahr von der Zentralbank gegr\u00fcndet wurde, um notleidende Gewerbeimmobilienkredite und Immobilien von Banken zu kaufen.<\/p>\n<p>Der Aufr\u00e4umprozess werde von einer Reihe von Institutionen der Europ\u00e4ischen Union \u201eeng \u00fcberwacht\u201cinsbesondere im Hinblick auf die Verkaufspreise, sagte Balog. \u201eMKB hat sich im Rahmen des Umstrukturierungsplans der Bank regelm\u00e4\u00dfig mit EU-Beamten beraten, f\u00fcgte er hinzu.<\/p>\n<p>Auf die Frage nach der Chance einer Fusion von MKB und Budapest Bank, die der Staat k\u00fcrzlich ebenfalls \u00fcbernommen hat, sagte Balog, die M\u00f6glichkeit biete eine gro\u00dfe Chance, sei aber ein langer Prozess.<\/p>\n<p>Die MKB m\u00fcsse sich darauf konzentrieren, so viel wie m\u00f6glich aus dem Wirtschaftswachstum Ungarns zu ziehen, sagte erDas k\u00f6nnte bedeuten, neue M\u00e4rkte zu erschlie\u00dfenf\u00fcgte er hinzu und erw\u00e4hnte neue Zentralbankregeln, die Kreditgeber verpflichten werden, Hypotheken ab Herbst n\u00e4chsten Jahres mit langfristigeren Verm\u00f6genswerten zu unterlegen.<\/p>\n<p>MKB k\u00f6nnte mit Partnern oder alleine in den Hypothekenmarkt einsteigen, sagte Balog.<\/p>\n<p><em>Foto: MTI<\/em><\/p>\n","protected":false},"excerpt":{"rendered":"<p>Budapest, 10. August (MTI) \u2013 Der Staat Ungarn will die MKB Bank, die er letztes Jahr von der BayernLB \u00fcbernommen hat, bis Anfang 2016 verkaufen, sagte Vorstandsvorsitzender Adam Balog gegen\u00fcber MTI. Der Verkauf werde keine konventionelle Privatisierung sein, da die Transaktion an Vorschriften im Rettungsgesetz gebunden sei, sagte Balog. Die Ungarische Nationalbank, die Eigentumsrechte an [&hellip;]<\/p>\n","protected":false},"author":2,"featured_media":766278,"comment_status":"open","ping_status":"open","sticky":false,"template":"","format":"standard","meta":{"_acf_changed":false,"_display_image":"","footnotes":""},"categories":[1281],"tags":[1066],"class_list":["post-766277","post","type-post","status-publish","format-standard","has-post-thumbnail","hentry","category-geschaft","tag-hungary"],"blocksy_meta":[],"acf":[],"author_username":"alk","telegram_post":"","public_post_metadata":{"breaking_news":"","important":"","csempe":"","center_tile":"","disable_thumbnail":"","target_lang":"","_featured_image_style":"","telegram_post":"","_xlat_group_id":""},"public_rank_math_data":{"title":"%title% %sep% %sitename%","description":"","focus_keyword":"","canonical_url":"","robots":"","primary_category":"1281","breadcrumb_title":"","facebook_title":"","facebook_description":"","facebook_image":"","facebook_image_id":"","twitter_title":"","twitter_description":"","twitter_image":"","twitter_image_id":"","twitter_card_type":"","twitter_use_facebook":"","advanced_robots":"","pillar_content":"","seo_score":"","contentai_score":"","rich_snippet":""},"_links":{"self":[{"href":"https:\/\/dailynewshungary.com\/de\/wp-json\/wp\/v2\/posts\/766277","targetHints":{"allow":["GET"]}}],"collection":[{"href":"https:\/\/dailynewshungary.com\/de\/wp-json\/wp\/v2\/posts"}],"about":[{"href":"https:\/\/dailynewshungary.com\/de\/wp-json\/wp\/v2\/types\/post"}],"author":[{"embeddable":true,"href":"https:\/\/dailynewshungary.com\/de\/wp-json\/wp\/v2\/users\/2"}],"replies":[{"embeddable":true,"href":"https:\/\/dailynewshungary.com\/de\/wp-json\/wp\/v2\/comments?post=766277"}],"version-history":[{"count":0,"href":"https:\/\/dailynewshungary.com\/de\/wp-json\/wp\/v2\/posts\/766277\/revisions"}],"wp:featuredmedia":[{"embeddable":true,"href":"https:\/\/dailynewshungary.com\/de\/wp-json\/wp\/v2\/media\/766278"}],"wp:attachment":[{"href":"https:\/\/dailynewshungary.com\/de\/wp-json\/wp\/v2\/media?parent=766277"}],"wp:term":[{"taxonomy":"category","embeddable":true,"href":"https:\/\/dailynewshungary.com\/de\/wp-json\/wp\/v2\/categories?post=766277"},{"taxonomy":"post_tag","embeddable":true,"href":"https:\/\/dailynewshungary.com\/de\/wp-json\/wp\/v2\/tags?post=766277"}],"curies":[{"name":"wp","href":"https:\/\/api.w.org\/{rel}","templated":true}]}}