{"id":766285,"date":"2015-08-10T08:46:35","date_gmt":"2015-08-10T06:46:35","guid":{"rendered":"https:\/\/dailynewshungary.com\/de\/orban-ubergab-die-fina-flagge-beim-abschlussevent-der-weltmeisterschaft\/"},"modified":"2015-08-10T08:46:35","modified_gmt":"2015-08-10T06:46:35","slug":"orban-ubergab-die-fina-flagge-beim-abschlussevent-der-weltmeisterschaft","status":"publish","type":"post","link":"https:\/\/dailynewshungary.com\/de\/orban-ubergab-die-fina-flagge-beim-abschlussevent-der-weltmeisterschaft\/","title":{"rendered":"Orban \u00fcbergab die FINA-Flagge beim Abschlussevent der Weltmeisterschaft"},"content":{"rendered":"<p><strong>Kasan (MTI) \u2013 Der ungarische Premierminister Viktor Orban wurde am sp\u00e4ten Sonntag bei der Abschlussveranstaltung der Weltmeisterschaft 2015 in Kasan, Republik Tatarstan in Russland, die Flagge des internationalen Schwimmverbandes FINA \u00fcbergeben.<\/strong><\/p>\n<p>Orban, der Ungarn als Gastgeberland der n\u00e4chsten Wassersportmeisterschaften im Jahr 2017 vertritt, lobte in seiner Rede die Arbeit der Organisatoren der Veranstaltung.<\/p>\n<p>\u201eLaut Medaillentabelle hat Russland neun Goldmedaillen gewonnen, aber tats\u00e4chlich m\u00fcssen es zehn davon sein, denn die Republik Tatarstan und Kasan verdienen eine weitere Medaille f\u00fcr die Organisation der 16. FINA-Weltmeisterschaften. \u201eSie haben die Messlatte sehr hoch gelegt.\u201c\u201d, sagte Orban.<\/p>\n<p>\u201cWir werden alles tun, um die Wettbewerbe auf h\u00f6chstem Niveau in Budapest auszurichtenIch hoffe, dass wir nach der Austragung der Meisterschaften in Budapest genauso stolz und zufrieden sein werden wie Sie jetzt, wenn wir die FINA-Flagge an die n\u00e4chste Gastgeberstadt \u00fcbergeben werden. 2017 sehen wir uns alle in Budapest!\u201d, f\u00fcgte er hinzu.<\/p>\n<p>Ungarn sollte urspr\u00fcnglich die Veranstaltung 2021 ausrichten, aber Guadalajara in Mexiko hat sich von der Ausrichtung der Meisterschaften 2017 zur\u00fcckgezogen und Ungarn hat im M\u00e4rz dieses Jahres die Veranstaltung \u00fcbernommen.<\/p>\n<p><em>Foto: MTI<\/em><\/p>\n","protected":false},"excerpt":{"rendered":"<p>Kasan (MTI) \u2013 Der ungarische Premierminister Viktor Orban wurde am sp\u00e4ten Sonntag bei der Abschlussveranstaltung der Weltmeisterschaft 2015 in Kasan, Republik Tatarstan in Russland, die Flagge des internationalen Schwimmverbandes FINA \u00fcbergeben. Orban, der Ungarn als Gastgeberland der n\u00e4chsten Wassersportmeisterschaften im Jahr 2017 vertritt, lobte in seiner Rede die Arbeit der Organisatoren der Veranstaltung. \u201eLaut Medaillentabelle [&hellip;]<\/p>\n","protected":false},"author":2,"featured_media":766286,"comment_status":"open","ping_status":"open","sticky":false,"template":"","format":"standard","meta":{"_acf_changed":false,"_display_image":"","footnotes":""},"categories":[1219],"tags":[1128,1570],"class_list":["post-766285","post","type-post","status-publish","format-standard","has-post-thumbnail","hentry","category-sport","tag-viktor-orban","tag-weltmeisterschaft"],"blocksy_meta":[],"acf":[],"author_username":"alk","telegram_post":"","public_post_metadata":{"breaking_news":"","important":"","csempe":"","center_tile":"","disable_thumbnail":"","target_lang":"","_featured_image_style":"","telegram_post":"","_xlat_group_id":""},"public_rank_math_data":{"title":"%title% %sep% %sitename%","description":"","focus_keyword":"","canonical_url":"","robots":"","primary_category":"1219","breadcrumb_title":"","facebook_title":"","facebook_description":"","facebook_image":"","facebook_image_id":"","twitter_title":"","twitter_description":"","twitter_image":"","twitter_image_id":"","twitter_card_type":"","twitter_use_facebook":"","advanced_robots":"","pillar_content":"","seo_score":"","contentai_score":"","rich_snippet":""},"_links":{"self":[{"href":"https:\/\/dailynewshungary.com\/de\/wp-json\/wp\/v2\/posts\/766285","targetHints":{"allow":["GET"]}}],"collection":[{"href":"https:\/\/dailynewshungary.com\/de\/wp-json\/wp\/v2\/posts"}],"about":[{"href":"https:\/\/dailynewshungary.com\/de\/wp-json\/wp\/v2\/types\/post"}],"author":[{"embeddable":true,"href":"https:\/\/dailynewshungary.com\/de\/wp-json\/wp\/v2\/users\/2"}],"replies":[{"embeddable":true,"href":"https:\/\/dailynewshungary.com\/de\/wp-json\/wp\/v2\/comments?post=766285"}],"version-history":[{"count":0,"href":"https:\/\/dailynewshungary.com\/de\/wp-json\/wp\/v2\/posts\/766285\/revisions"}],"wp:featuredmedia":[{"embeddable":true,"href":"https:\/\/dailynewshungary.com\/de\/wp-json\/wp\/v2\/media\/766286"}],"wp:attachment":[{"href":"https:\/\/dailynewshungary.com\/de\/wp-json\/wp\/v2\/media?parent=766285"}],"wp:term":[{"taxonomy":"category","embeddable":true,"href":"https:\/\/dailynewshungary.com\/de\/wp-json\/wp\/v2\/categories?post=766285"},{"taxonomy":"post_tag","embeddable":true,"href":"https:\/\/dailynewshungary.com\/de\/wp-json\/wp\/v2\/tags?post=766285"}],"curies":[{"name":"wp","href":"https:\/\/api.w.org\/{rel}","templated":true}]}}