{"id":766291,"date":"2015-08-09T18:02:44","date_gmt":"2015-08-09T16:02:44","guid":{"rendered":"https:\/\/dailynewshungary.com\/de\/kover-schiffer-debattieren-uber-aktuelle-angelegenheiten-ungarns\/"},"modified":"2015-08-09T18:02:44","modified_gmt":"2015-08-09T16:02:44","slug":"kover-schiffer-debattieren-uber-aktuelle-angelegenheiten-ungarns","status":"publish","type":"post","link":"https:\/\/dailynewshungary.com\/de\/kover-schiffer-debattieren-uber-aktuelle-angelegenheiten-ungarns\/","title":{"rendered":"Kover, Schiffer debattieren \u00fcber aktuelle Angelegenheiten Ungarns"},"content":{"rendered":"<p><strong>Budapest (MTI) che Parlamentspr\u00e4sident Laszlo Kover und LMP-Co-Vorsitzender Andras Schiffer nahmen am Samstag an einer Debatte \u00fcber die aktuellen Angelegenheiten Ungarns an der dritten Ecopolis-Sommerakademie in Felsotarkany, Nordungarn, teil.<\/strong><\/p>\n<p>Kover sagte, dass die Demokratie in Ungarn in den letzten Jahrzehnten aufgrund mangelnden Konsenses zwischen den politischen Parteien begonnen habe, auf die falsche F\u00e4hrte zu gehen. Er sagte, dass die Linke seit Beginn des 20. Jahrhunderts auf \u201eeinem Hass auf die Nation\u201chingeh\u00e4ngt sei. Er sagte, diese Tendenz sei nicht nur bei der ungarischen Linken zu beobachten, sondern kennzeichne nun auch die gesamte europ\u00e4ische Linke.<\/p>\n<p>Schiffer sagte, den Interessen Ungarns w\u00fcrde am besten die Bereitschaft dienen, sich gegenseitig die Argumente anzuh\u00f6ren, was zu einem Konsens f\u00fchre. Er sagte, wirtschaftliche Ausbeutung erfolge nun auf globaler Ebene und sei nicht nur eine Bedrohung f\u00fcr Einzelpersonen, sondern auch f\u00fcr Nationalstaaten.<\/p>\n<p>Die Ecopolis Summer Academy wird von der von LMP gegr\u00fcndeten Ecopolis Foundation organisiert. Die viert\u00e4gige Veranstaltung endete am Sonntag.<\/p>\n<p><em>Foto: MTI<\/em><\/p>\n","protected":false},"excerpt":{"rendered":"<p>Budapest (MTI) che Parlamentspr\u00e4sident Laszlo Kover und LMP-Co-Vorsitzender Andras Schiffer nahmen am Samstag an einer Debatte \u00fcber die aktuellen Angelegenheiten Ungarns an der dritten Ecopolis-Sommerakademie in Felsotarkany, Nordungarn, teil. Kover sagte, dass die Demokratie in Ungarn in den letzten Jahrzehnten aufgrund mangelnden Konsenses zwischen den politischen Parteien begonnen habe, auf die falsche F\u00e4hrte zu gehen. [&hellip;]<\/p>\n","protected":false},"author":3,"featured_media":766292,"comment_status":"open","ping_status":"open","sticky":false,"template":"","format":"standard","meta":{"_acf_changed":false,"_display_image":"","footnotes":""},"categories":[1081],"tags":[1091,1873],"class_list":["post-766291","post","type-post","status-publish","format-standard","has-post-thumbnail","hentry","category-politik","tag-fidesz","tag-lmp"],"blocksy_meta":[],"acf":[],"author_username":"becsi","telegram_post":"","public_post_metadata":{"breaking_news":"","important":"","csempe":"","center_tile":"","disable_thumbnail":"","target_lang":"","_featured_image_style":"","telegram_post":"","_xlat_group_id":""},"public_rank_math_data":{"title":"%title% %sep% %sitename%","description":"","focus_keyword":"","canonical_url":"","robots":"","primary_category":"1081","breadcrumb_title":"","facebook_title":"","facebook_description":"","facebook_image":"","facebook_image_id":"","twitter_title":"","twitter_description":"","twitter_image":"","twitter_image_id":"","twitter_card_type":"","twitter_use_facebook":"","advanced_robots":"","pillar_content":"","seo_score":"","contentai_score":"","rich_snippet":""},"_links":{"self":[{"href":"https:\/\/dailynewshungary.com\/de\/wp-json\/wp\/v2\/posts\/766291","targetHints":{"allow":["GET"]}}],"collection":[{"href":"https:\/\/dailynewshungary.com\/de\/wp-json\/wp\/v2\/posts"}],"about":[{"href":"https:\/\/dailynewshungary.com\/de\/wp-json\/wp\/v2\/types\/post"}],"author":[{"embeddable":true,"href":"https:\/\/dailynewshungary.com\/de\/wp-json\/wp\/v2\/users\/3"}],"replies":[{"embeddable":true,"href":"https:\/\/dailynewshungary.com\/de\/wp-json\/wp\/v2\/comments?post=766291"}],"version-history":[{"count":0,"href":"https:\/\/dailynewshungary.com\/de\/wp-json\/wp\/v2\/posts\/766291\/revisions"}],"wp:featuredmedia":[{"embeddable":true,"href":"https:\/\/dailynewshungary.com\/de\/wp-json\/wp\/v2\/media\/766292"}],"wp:attachment":[{"href":"https:\/\/dailynewshungary.com\/de\/wp-json\/wp\/v2\/media?parent=766291"}],"wp:term":[{"taxonomy":"category","embeddable":true,"href":"https:\/\/dailynewshungary.com\/de\/wp-json\/wp\/v2\/categories?post=766291"},{"taxonomy":"post_tag","embeddable":true,"href":"https:\/\/dailynewshungary.com\/de\/wp-json\/wp\/v2\/tags?post=766291"}],"curies":[{"name":"wp","href":"https:\/\/api.w.org\/{rel}","templated":true}]}}