{"id":766309,"date":"2015-08-08T16:00:20","date_gmt":"2015-08-08T14:00:20","guid":{"rendered":"https:\/\/dailynewshungary.com\/de\/jobbik-konne-nur-als-volkspartei-regieren-sagt-vona\/"},"modified":"2015-08-08T16:00:20","modified_gmt":"2015-08-08T14:00:20","slug":"jobbik-konne-nur-als-volkspartei-regieren-sagt-vona","status":"publish","type":"post","link":"https:\/\/dailynewshungary.com\/de\/jobbik-konne-nur-als-volkspartei-regieren-sagt-vona\/","title":{"rendered":"Jobbik k\u00f6nne nur als Volkspartei regieren, sagt Vona"},"content":{"rendered":"<p><strong>Gheorgheni, Rum\u00e4nien (MTI) \u2013 Jobbik kann nur als Volkspartei regieren, sagte Gabor Vona, der Vorsitzende der radikal-nationalistischen Partei, am Freitag in Gheorgheni (Gyergyoszentmiklos), Rum\u00e4nien.<\/strong><\/p>\n<p>Es sei an der Zeit, dass Jobbik mit den Vorbereitungen f\u00fcr die neuen F\u00fchrungsaufgaben beginne, sagte Vona bei einer von der ungarischen Jugend Siebenb\u00fcrgens organisierten Podiumsdiskussion und f\u00fcgte hinzu, dass die Parlamentswahlen 2018 eine Rivalit\u00e4t zwischen dem regierenden Fidesz und seiner eigenen Partei mit sich bringen w\u00fcrden.<\/p>\n<p>Vona sagte, Fidesz sei bei der Stabilisierung der Wirtschaft erfolgreich gewesen und lobte die Bem\u00fchungen der Regierung hinsichtlich ihrer Politik f\u00fcr ungarische Gemeinden im Ausland.<\/p>\n<p>Der Jobbik-Chef sagte jedoch, Ministerpr\u00e4sident Viktor Orban habe die ungarische Gesellschaft \u201cerstickend\u201d gemachtEr sagte, Orbans Regierung sei \u201cunter\u201d die Gyurcsany-Regierung gefallen \u201cViktor Orban hatte so lange gegen den Sozialismus gek\u00e4mpft, dass er eine andere Version davon geschaffen hatte\u201d, sagte er.<\/p>\n<p>Vona nannte die Beseitigung der Korruption als eines der vorrangigen Ziele seiner ParteiEr sagte, ein solches Ziel sei f\u00fcr Fidesz und die Sozialistische Partei unerreichbar, da beide Parteien \u201cauf Korruption gegr\u00fcndet\u201d seien.<\/p>\n<p>Er sagte, Ungarn brauche eine klare Zukunftsvision, um die Massenauswanderung seiner B\u00fcrger zu verhindern.<\/p>\n<p>Zum Thema Europas Migrationskrise sagte Vona, das Thema m\u00fcsse strenger angegangen werden, und brachte seine Unterst\u00fctzung f\u00fcr Ungarns bald fertiggestellten Zaun entlang seiner Grenze zu Serbien zum Ausdruck. Er sagte, die Zahl der Migranten, die nach Europa einreisen, sei so hoch, dass es f\u00fcr sie unm\u00f6glich sei, sich in die Gesellschaft zu integrieren, und sie daher am Ende ihre eigenen Gemeinschaften bilden w\u00fcrden.<\/p>\n<p>Der stellvertretende Jobbik-Chef Istvan Szavay sagte, die gr\u00f6\u00dfte Herausforderung f\u00fcr die Politik des Landes f\u00fcr ungarische Gemeinschaften im Ausland bestehe darin, das \u00dcberleben der Diasporagemeinschaften zu sichern, f\u00fcr die die Regierung seiner Meinung nach keine Strategie habe.<\/p>\n<p><em>Foto: MTI<\/em><\/p>\n","protected":false},"excerpt":{"rendered":"<p>Gheorgheni, Rum\u00e4nien (MTI) \u2013 Jobbik kann nur als Volkspartei regieren, sagte Gabor Vona, der Vorsitzende der radikal-nationalistischen Partei, am Freitag in Gheorgheni (Gyergyoszentmiklos), Rum\u00e4nien. Es sei an der Zeit, dass Jobbik mit den Vorbereitungen f\u00fcr die neuen F\u00fchrungsaufgaben beginne, sagte Vona bei einer von der ungarischen Jugend Siebenb\u00fcrgens organisierten Podiumsdiskussion und f\u00fcgte hinzu, dass die [&hellip;]<\/p>\n","protected":false},"author":3,"featured_media":766310,"comment_status":"open","ping_status":"open","sticky":false,"template":"","format":"standard","meta":{"_acf_changed":false,"_display_image":"","footnotes":""},"categories":[1081],"tags":[1632],"class_list":["post-766309","post","type-post","status-publish","format-standard","has-post-thumbnail","hentry","category-politik","tag-jobbik"],"blocksy_meta":[],"acf":[],"author_username":"becsi","telegram_post":"","public_post_metadata":{"breaking_news":"","important":"","csempe":"","center_tile":"","disable_thumbnail":"","target_lang":"","_featured_image_style":"","telegram_post":"","_xlat_group_id":""},"public_rank_math_data":{"title":"%title% %sep% %sitename%","description":"","focus_keyword":"","canonical_url":"","robots":"","primary_category":"1081","breadcrumb_title":"","facebook_title":"","facebook_description":"","facebook_image":"","facebook_image_id":"","twitter_title":"","twitter_description":"","twitter_image":"","twitter_image_id":"","twitter_card_type":"","twitter_use_facebook":"","advanced_robots":"","pillar_content":"","seo_score":"","contentai_score":"","rich_snippet":""},"_links":{"self":[{"href":"https:\/\/dailynewshungary.com\/de\/wp-json\/wp\/v2\/posts\/766309","targetHints":{"allow":["GET"]}}],"collection":[{"href":"https:\/\/dailynewshungary.com\/de\/wp-json\/wp\/v2\/posts"}],"about":[{"href":"https:\/\/dailynewshungary.com\/de\/wp-json\/wp\/v2\/types\/post"}],"author":[{"embeddable":true,"href":"https:\/\/dailynewshungary.com\/de\/wp-json\/wp\/v2\/users\/3"}],"replies":[{"embeddable":true,"href":"https:\/\/dailynewshungary.com\/de\/wp-json\/wp\/v2\/comments?post=766309"}],"version-history":[{"count":0,"href":"https:\/\/dailynewshungary.com\/de\/wp-json\/wp\/v2\/posts\/766309\/revisions"}],"wp:featuredmedia":[{"embeddable":true,"href":"https:\/\/dailynewshungary.com\/de\/wp-json\/wp\/v2\/media\/766310"}],"wp:attachment":[{"href":"https:\/\/dailynewshungary.com\/de\/wp-json\/wp\/v2\/media?parent=766309"}],"wp:term":[{"taxonomy":"category","embeddable":true,"href":"https:\/\/dailynewshungary.com\/de\/wp-json\/wp\/v2\/categories?post=766309"},{"taxonomy":"post_tag","embeddable":true,"href":"https:\/\/dailynewshungary.com\/de\/wp-json\/wp\/v2\/tags?post=766309"}],"curies":[{"name":"wp","href":"https:\/\/api.w.org\/{rel}","templated":true}]}}