{"id":766388,"date":"2015-08-04T09:31:39","date_gmt":"2015-08-04T07:31:39","guid":{"rendered":"https:\/\/dailynewshungary.com\/de\/sozialisten-regierung-will-migranten-weiter-nach-westen-drangen\/"},"modified":"2015-08-04T09:31:39","modified_gmt":"2015-08-04T07:31:39","slug":"sozialisten-regierung-will-migranten-weiter-nach-westen-drangen","status":"publish","type":"post","link":"https:\/\/dailynewshungary.com\/de\/sozialisten-regierung-will-migranten-weiter-nach-westen-drangen\/","title":{"rendered":"Sozialisten: Regierung will Migranten weiter nach Westen dr\u00e4ngen"},"content":{"rendered":"<p><strong>Budapest (MTI) \u2013 Die Regierung versuche, die Migrantenwelle weiter nach Westen zu treiben, indem sie einen Zaun an der ungarisch-serbischen Grenze baue, teilten die oppositionellen Sozialisten am Montag mit.<\/strong><\/p>\n<p>Der stellvertretende Vorsitzende der Partei im Kreis Zala, Balazs Gora, sagte auf einer Pressekonferenz, dass die Regierung aus diesem Grund den Bau neuer Aufnahmezentren in den Kreisen Baranya und Zala im Westen Ungarns plane.<\/p>\n<p>Er sagte, es sei seltsam, dass die Ank\u00fcndigung, ein neues Aufnahmezentrum im Dorf Sormas zu bauen, unerwartet am Freitag kam, als sie im Amtsblatt Magyar Kozlony ver\u00f6ffentlicht wurde. Sogar der \u00f6rtliche B\u00fcrgermeister habe von der Presse davon erfahren, sagte erEs w\u00e4re schwer zu glauben, dass die regierenden Fidesz-Abgeordneten aus dem Landkreis und dem \u00f6rtlichen Regierungsb\u00fcro keine fr\u00fcheren Informationen \u00fcber diesen Plan hatten, f\u00fcgte er hinzu.<\/p>\n<p>Anstatt eine \u201cPropagandakampagne\u201d gegen Migranten zu betreiben, sollte sich die Regierung darauf konzentrieren, Wege zu finden, um Zugang zu mehr Finanzmitteln der Europ\u00e4ischen Union zu erhalten, um das Problem der Migranten zu bew\u00e4ltigen, sagte er.<\/p>\n<p>Die Sozialisten h\u00e4tten vor Monaten einen Vorschlag vorgelegt, den Grenzschutz zu erh\u00f6hen und Lager entlang der Migrantenrouten zu errichten, um die Verwaltung zu unterst\u00fctzen und medizinische Dienste bereitzustellen, f\u00fcgte er hinzu.<\/p>\n<p><em>Foto: MTI<\/em><\/p>\n","protected":false},"excerpt":{"rendered":"<p>Budapest (MTI) \u2013 Die Regierung versuche, die Migrantenwelle weiter nach Westen zu treiben, indem sie einen Zaun an der ungarisch-serbischen Grenze baue, teilten die oppositionellen Sozialisten am Montag mit. Der stellvertretende Vorsitzende der Partei im Kreis Zala, Balazs Gora, sagte auf einer Pressekonferenz, dass die Regierung aus diesem Grund den Bau neuer Aufnahmezentren in den [&hellip;]<\/p>\n","protected":false},"author":2,"featured_media":766389,"comment_status":"open","ping_status":"open","sticky":false,"template":"","format":"standard","meta":{"_acf_changed":false,"_display_image":"","footnotes":""},"categories":[1081],"tags":[1695],"class_list":["post-766388","post","type-post","status-publish","format-standard","has-post-thumbnail","hentry","category-politik","tag-sozialisten"],"blocksy_meta":[],"acf":[],"author_username":"alk","telegram_post":"","public_post_metadata":{"breaking_news":"","important":"","csempe":"","center_tile":"","disable_thumbnail":"","target_lang":"","_featured_image_style":"","telegram_post":"","_xlat_group_id":""},"public_rank_math_data":{"title":"%title% %sep% %sitename%","description":"","focus_keyword":"","canonical_url":"","robots":"","primary_category":"1081","breadcrumb_title":"","facebook_title":"","facebook_description":"","facebook_image":"","facebook_image_id":"","twitter_title":"","twitter_description":"","twitter_image":"","twitter_image_id":"","twitter_card_type":"","twitter_use_facebook":"","advanced_robots":"","pillar_content":"","seo_score":"","contentai_score":"","rich_snippet":""},"_links":{"self":[{"href":"https:\/\/dailynewshungary.com\/de\/wp-json\/wp\/v2\/posts\/766388","targetHints":{"allow":["GET"]}}],"collection":[{"href":"https:\/\/dailynewshungary.com\/de\/wp-json\/wp\/v2\/posts"}],"about":[{"href":"https:\/\/dailynewshungary.com\/de\/wp-json\/wp\/v2\/types\/post"}],"author":[{"embeddable":true,"href":"https:\/\/dailynewshungary.com\/de\/wp-json\/wp\/v2\/users\/2"}],"replies":[{"embeddable":true,"href":"https:\/\/dailynewshungary.com\/de\/wp-json\/wp\/v2\/comments?post=766388"}],"version-history":[{"count":0,"href":"https:\/\/dailynewshungary.com\/de\/wp-json\/wp\/v2\/posts\/766388\/revisions"}],"wp:featuredmedia":[{"embeddable":true,"href":"https:\/\/dailynewshungary.com\/de\/wp-json\/wp\/v2\/media\/766389"}],"wp:attachment":[{"href":"https:\/\/dailynewshungary.com\/de\/wp-json\/wp\/v2\/media?parent=766388"}],"wp:term":[{"taxonomy":"category","embeddable":true,"href":"https:\/\/dailynewshungary.com\/de\/wp-json\/wp\/v2\/categories?post=766388"},{"taxonomy":"post_tag","embeddable":true,"href":"https:\/\/dailynewshungary.com\/de\/wp-json\/wp\/v2\/tags?post=766388"}],"curies":[{"name":"wp","href":"https:\/\/api.w.org\/{rel}","templated":true}]}}