{"id":766398,"date":"2015-08-03T19:00:36","date_gmt":"2015-08-03T17:00:36","guid":{"rendered":"https:\/\/dailynewshungary.com\/de\/varga-befurwortet-eine-umfassende-sanierung-des-st-johns-hospital\/"},"modified":"2015-08-03T19:00:36","modified_gmt":"2015-08-03T17:00:36","slug":"varga-befurwortet-eine-umfassende-sanierung-des-st-johns-hospital","status":"publish","type":"post","link":"https:\/\/dailynewshungary.com\/de\/varga-befurwortet-eine-umfassende-sanierung-des-st-johns-hospital\/","title":{"rendered":"Varga bef\u00fcrwortet eine umfassende Sanierung des St. John\u2019s Hospital"},"content":{"rendered":"<p><strong>Budapest, 3. August (MTI) \u2013 Das Budapester St. John&#8217;s (Szent Janos)-Krankenhaus muss gr\u00fcndlich rekonstruiert werden, auch wenn in seiner N\u00e4he kein geplanter neuer Gesundheitskomplex gebaut wird, sagte Wirtschaftsminister Mihaly Varga am Montag.<\/strong><\/p>\n<p>Varga, der parlamentarische Vertreter des 12. Bezirks von Budapest, stellte fest, dass der Haushalt f\u00fcr das n\u00e4chste Jahr eine Milliarde Forint f\u00fcr den Bau des neuen Krankenhauses sicherstellen werde. Er unterzeichnete auch eine Petition ziviler Organisationen, um Pl\u00e4ne zu unterst\u00fctzen, die neue Einrichtung neben St. John&#8217;s zu bauen.<\/p>\n<p>Pl\u00e4ne zum Bau eines neuen \u201cSuperhospitals\u201d f\u00fcr Budapest wurden im Februar von der Regierungspartei Fidesz vorgebracht.<\/p>\n<p><em>Foto: MTI<\/em><\/p>\n","protected":false},"excerpt":{"rendered":"<p>Budapest, 3. August (MTI) \u2013 Das Budapester St. John&#8217;s (Szent Janos)-Krankenhaus muss gr\u00fcndlich rekonstruiert werden, auch wenn in seiner N\u00e4he kein geplanter neuer Gesundheitskomplex gebaut wird, sagte Wirtschaftsminister Mihaly Varga am Montag. Varga, der parlamentarische Vertreter des 12. Bezirks von Budapest, stellte fest, dass der Haushalt f\u00fcr das n\u00e4chste Jahr eine Milliarde Forint f\u00fcr den [&hellip;]<\/p>\n","protected":false},"author":2,"featured_media":766399,"comment_status":"open","ping_status":"open","sticky":false,"template":"","format":"standard","meta":{"_acf_changed":false,"_display_image":"","footnotes":""},"categories":[1098],"tags":[1107],"class_list":["post-766398","post","type-post","status-publish","format-standard","has-post-thumbnail","hentry","category-gesellschaft","tag-gesundheit"],"blocksy_meta":[],"acf":[],"author_username":"alk","telegram_post":"","public_post_metadata":{"breaking_news":"","important":"","csempe":"","center_tile":"","disable_thumbnail":"","target_lang":"","_featured_image_style":"","telegram_post":"","_xlat_group_id":""},"public_rank_math_data":{"title":"%title% %sep% %sitename%","description":"","focus_keyword":"","canonical_url":"","robots":"","primary_category":"1098","breadcrumb_title":"","facebook_title":"","facebook_description":"","facebook_image":"","facebook_image_id":"","twitter_title":"","twitter_description":"","twitter_image":"","twitter_image_id":"","twitter_card_type":"","twitter_use_facebook":"","advanced_robots":"","pillar_content":"","seo_score":"","contentai_score":"","rich_snippet":""},"_links":{"self":[{"href":"https:\/\/dailynewshungary.com\/de\/wp-json\/wp\/v2\/posts\/766398","targetHints":{"allow":["GET"]}}],"collection":[{"href":"https:\/\/dailynewshungary.com\/de\/wp-json\/wp\/v2\/posts"}],"about":[{"href":"https:\/\/dailynewshungary.com\/de\/wp-json\/wp\/v2\/types\/post"}],"author":[{"embeddable":true,"href":"https:\/\/dailynewshungary.com\/de\/wp-json\/wp\/v2\/users\/2"}],"replies":[{"embeddable":true,"href":"https:\/\/dailynewshungary.com\/de\/wp-json\/wp\/v2\/comments?post=766398"}],"version-history":[{"count":0,"href":"https:\/\/dailynewshungary.com\/de\/wp-json\/wp\/v2\/posts\/766398\/revisions"}],"wp:featuredmedia":[{"embeddable":true,"href":"https:\/\/dailynewshungary.com\/de\/wp-json\/wp\/v2\/media\/766399"}],"wp:attachment":[{"href":"https:\/\/dailynewshungary.com\/de\/wp-json\/wp\/v2\/media?parent=766398"}],"wp:term":[{"taxonomy":"category","embeddable":true,"href":"https:\/\/dailynewshungary.com\/de\/wp-json\/wp\/v2\/categories?post=766398"},{"taxonomy":"post_tag","embeddable":true,"href":"https:\/\/dailynewshungary.com\/de\/wp-json\/wp\/v2\/tags?post=766398"}],"curies":[{"name":"wp","href":"https:\/\/api.w.org\/{rel}","templated":true}]}}