{"id":766505,"date":"2015-07-28T16:00:22","date_gmt":"2015-07-28T14:00:22","guid":{"rendered":"https:\/\/dailynewshungary.com\/de\/vier-afghanen-die-angeblich-an-schlagereien-beteiligt-waren-kehrten-nach-serbien-zuruck\/"},"modified":"2015-07-28T16:00:22","modified_gmt":"2015-07-28T14:00:22","slug":"vier-afghanen-die-angeblich-an-schlagereien-beteiligt-waren-kehrten-nach-serbien-zuruck","status":"publish","type":"post","link":"https:\/\/dailynewshungary.com\/de\/vier-afghanen-die-angeblich-an-schlagereien-beteiligt-waren-kehrten-nach-serbien-zuruck\/","title":{"rendered":"Vier Afghanen, die angeblich an Schl\u00e4gereien beteiligt waren, kehrten nach Serbien zur\u00fcck"},"content":{"rendered":"<p><strong>Budapest, 28. Juli (MTI) \u2013 Ein afghanischer Mann und drei Frauen wurden am Dienstag der serbischen Polizei \u00fcbergeben, weil sie angeblich in eine Schl\u00e4gerei verwickelt waren, bei der am Tag zuvor in Backi Vinogradi (Kiralyhalom) in der Vojvodina ein afghanischer Mann ums Leben kam.<\/strong><\/p>\n<p>Die Gruppe wurde am fr\u00fchen Montag in Asotthalom angehalten, als sie illegal aus Serbien \u00fcbergesetzt hatte, und der Mann, der urspr\u00fcnglich behauptete, Syrer zu sein, wurde mit Verletzungen ins Krankenhaus gebracht, sagte der Sprecher der Kreispolizei von Csongrad.<\/p>\n<p>Die ungarischen Beh\u00f6rden informierten die serbische Polizei und Grenzpolizei ohne Verz\u00f6gerung \u00fcber die Gruppe, da die Afghanen in die Montagsschl\u00e4gerei verwickelt gewesen sein sollen, seien sie am Dienstag vorzeitig am Grenz\u00fcbergang Tompa nach Serbien zur\u00fcckgebracht worden, sagte der Sprecher.<\/p>\n<p>Die Polizei verst\u00e4rkte die Patrouillen rund um Asotthalom, um die Sicherheit der Einheimischen zu gew\u00e4hrleisten.<\/p>\n","protected":false},"excerpt":{"rendered":"<p>Budapest, 28. Juli (MTI) \u2013 Ein afghanischer Mann und drei Frauen wurden am Dienstag der serbischen Polizei \u00fcbergeben, weil sie angeblich in eine Schl\u00e4gerei verwickelt waren, bei der am Tag zuvor in Backi Vinogradi (Kiralyhalom) in der Vojvodina ein afghanischer Mann ums Leben kam. Die Gruppe wurde am fr\u00fchen Montag in Asotthalom angehalten, als sie [&hellip;]<\/p>\n","protected":false},"author":2,"featured_media":766506,"comment_status":"open","ping_status":"open","sticky":false,"template":"","format":"standard","meta":{"_acf_changed":false,"_display_image":"","footnotes":""},"categories":[1098],"tags":[1445,1488],"class_list":["post-766505","post","type-post","status-publish","format-standard","has-post-thumbnail","hentry","category-gesellschaft","tag-migration","tag-serbia"],"blocksy_meta":[],"acf":[],"author_username":"alk","telegram_post":"","public_post_metadata":{"breaking_news":"","important":"","csempe":"","center_tile":"","disable_thumbnail":"","target_lang":"","_featured_image_style":"","telegram_post":"","_xlat_group_id":""},"public_rank_math_data":{"title":"%title% %sep% %sitename%","description":"","focus_keyword":"","canonical_url":"","robots":"","primary_category":"1098","breadcrumb_title":"","facebook_title":"","facebook_description":"","facebook_image":"","facebook_image_id":"","twitter_title":"","twitter_description":"","twitter_image":"","twitter_image_id":"","twitter_card_type":"","twitter_use_facebook":"","advanced_robots":"","pillar_content":"","seo_score":"","contentai_score":"","rich_snippet":""},"_links":{"self":[{"href":"https:\/\/dailynewshungary.com\/de\/wp-json\/wp\/v2\/posts\/766505","targetHints":{"allow":["GET"]}}],"collection":[{"href":"https:\/\/dailynewshungary.com\/de\/wp-json\/wp\/v2\/posts"}],"about":[{"href":"https:\/\/dailynewshungary.com\/de\/wp-json\/wp\/v2\/types\/post"}],"author":[{"embeddable":true,"href":"https:\/\/dailynewshungary.com\/de\/wp-json\/wp\/v2\/users\/2"}],"replies":[{"embeddable":true,"href":"https:\/\/dailynewshungary.com\/de\/wp-json\/wp\/v2\/comments?post=766505"}],"version-history":[{"count":0,"href":"https:\/\/dailynewshungary.com\/de\/wp-json\/wp\/v2\/posts\/766505\/revisions"}],"wp:featuredmedia":[{"embeddable":true,"href":"https:\/\/dailynewshungary.com\/de\/wp-json\/wp\/v2\/media\/766506"}],"wp:attachment":[{"href":"https:\/\/dailynewshungary.com\/de\/wp-json\/wp\/v2\/media?parent=766505"}],"wp:term":[{"taxonomy":"category","embeddable":true,"href":"https:\/\/dailynewshungary.com\/de\/wp-json\/wp\/v2\/categories?post=766505"},{"taxonomy":"post_tag","embeddable":true,"href":"https:\/\/dailynewshungary.com\/de\/wp-json\/wp\/v2\/tags?post=766505"}],"curies":[{"name":"wp","href":"https:\/\/api.w.org\/{rel}","templated":true}]}}