{"id":766517,"date":"2015-07-27T23:18:29","date_gmt":"2015-07-27T21:18:29","guid":{"rendered":"https:\/\/dailynewshungary.com\/de\/gericht-ordnet-wiederaufnahme-des-verfahrens-im-fall-bestechung-von-ina-verwaltungsrechten-an\/"},"modified":"2015-07-27T23:18:29","modified_gmt":"2015-07-27T21:18:29","slug":"gericht-ordnet-wiederaufnahme-des-verfahrens-im-fall-bestechung-von-ina-verwaltungsrechten-an","status":"publish","type":"post","link":"https:\/\/dailynewshungary.com\/de\/gericht-ordnet-wiederaufnahme-des-verfahrens-im-fall-bestechung-von-ina-verwaltungsrechten-an\/","title":{"rendered":"Gericht ordnet Wiederaufnahme des Verfahrens im Fall Bestechung von INA-Verwaltungsrechten an"},"content":{"rendered":"<p><strong>Budapest, 27. Juli (MTI) 27. Juli &#8211; Das kroatische Verfassungsgericht ordnete am Montag eine Wiederaufnahme des Verfahrens gegen den ehemaligen Premierminister Ivo Sanader an, der zuvor zu achteinhalb Jahren Gef\u00e4ngnis verurteilt worden war, weil er Bestechungsgelder angenommen hatte, um dem ungarischen \u00d6l- und Gasunternehmen MOL Managementrechte zu verleihen Kroatischer Peer INA.<\/strong><\/p>\n<p>Das Gericht hob das Urteil unter Berufung auf Verfahrensfehler auf und verwies den Fall an das Bezirksgericht Zagreb zur\u00fcck. Es wurde weder Sanaders Schuld noch seine Unschuld abgewogen, sondern die Verletzung seiner verfassungsm\u00e4\u00dfigen Rechte w\u00e4hrend des Prozesses gepr\u00fcft.<\/p>\n<p>MOL teilte MTI mit, dass es die Entscheidung begr\u00fc\u00dfe, auch wenn es nicht mit allen Details vertraut sei Das Unternehmen stellte fest, dass es nie an dem Fall beteiligt gewesen sei.<\/p>\n<p>Dem MOL-Vorsitzenden Zsolt Hernadi wurde jedoch zuvor vorgeworfen, Sanader bestochen zu haben, um Managementrechte bei INA zu erhalten, eine Anklage, von der Hernadi in Ungarn freigesprochen wurde.<\/p>\n<p>Sanader wurde Ende 2012 in einem erstinstanzlichen Urteil f\u00fcr schuldig befunden und die Entscheidung wurde letztes Jahr im Berufungsverfahren vom Obersten Gerichtshof best\u00e4tigt. Anschlie\u00dfend legte Sanader Berufung beim Verfassungsgericht ein und machte geltend, es seien Verfahrensfehler begangen worden.<\/p>\n<p>Sanader bleibt wegen seiner Beteiligung an einem anderen Fall in Untersuchungshaft, f\u00fcr den er in einem nicht rechtskr\u00e4ftigen Urteil zu neun Jahren Gef\u00e4ngnis verurteilt wurde.<\/p>\n","protected":false},"excerpt":{"rendered":"<p>Budapest, 27. Juli (MTI) 27. Juli &#8211; Das kroatische Verfassungsgericht ordnete am Montag eine Wiederaufnahme des Verfahrens gegen den ehemaligen Premierminister Ivo Sanader an, der zuvor zu achteinhalb Jahren Gef\u00e4ngnis verurteilt worden war, weil er Bestechungsgelder angenommen hatte, um dem ungarischen \u00d6l- und Gasunternehmen MOL Managementrechte zu verleihen Kroatischer Peer INA. Das Gericht hob das [&hellip;]<\/p>\n","protected":false},"author":2,"featured_media":766518,"comment_status":"open","ping_status":"open","sticky":false,"template":"","format":"standard","meta":{"_acf_changed":false,"_display_image":"","footnotes":""},"categories":[1281],"tags":[1199,1206],"class_list":["post-766517","post","type-post","status-publish","format-standard","has-post-thumbnail","hentry","category-geschaft","tag-kroatien","tag-mol"],"blocksy_meta":[],"acf":[],"author_username":"alk","telegram_post":"","public_post_metadata":{"breaking_news":"","important":"","csempe":"","center_tile":"","disable_thumbnail":"","target_lang":"","_featured_image_style":"","telegram_post":"","_xlat_group_id":""},"public_rank_math_data":{"title":"%title% %sep% %sitename%","description":"","focus_keyword":"","canonical_url":"","robots":"","primary_category":"1281","breadcrumb_title":"","facebook_title":"","facebook_description":"","facebook_image":"","facebook_image_id":"","twitter_title":"","twitter_description":"","twitter_image":"","twitter_image_id":"","twitter_card_type":"","twitter_use_facebook":"","advanced_robots":"","pillar_content":"","seo_score":"","contentai_score":"","rich_snippet":""},"_links":{"self":[{"href":"https:\/\/dailynewshungary.com\/de\/wp-json\/wp\/v2\/posts\/766517","targetHints":{"allow":["GET"]}}],"collection":[{"href":"https:\/\/dailynewshungary.com\/de\/wp-json\/wp\/v2\/posts"}],"about":[{"href":"https:\/\/dailynewshungary.com\/de\/wp-json\/wp\/v2\/types\/post"}],"author":[{"embeddable":true,"href":"https:\/\/dailynewshungary.com\/de\/wp-json\/wp\/v2\/users\/2"}],"replies":[{"embeddable":true,"href":"https:\/\/dailynewshungary.com\/de\/wp-json\/wp\/v2\/comments?post=766517"}],"version-history":[{"count":0,"href":"https:\/\/dailynewshungary.com\/de\/wp-json\/wp\/v2\/posts\/766517\/revisions"}],"wp:featuredmedia":[{"embeddable":true,"href":"https:\/\/dailynewshungary.com\/de\/wp-json\/wp\/v2\/media\/766518"}],"wp:attachment":[{"href":"https:\/\/dailynewshungary.com\/de\/wp-json\/wp\/v2\/media?parent=766517"}],"wp:term":[{"taxonomy":"category","embeddable":true,"href":"https:\/\/dailynewshungary.com\/de\/wp-json\/wp\/v2\/categories?post=766517"},{"taxonomy":"post_tag","embeddable":true,"href":"https:\/\/dailynewshungary.com\/de\/wp-json\/wp\/v2\/tags?post=766517"}],"curies":[{"name":"wp","href":"https:\/\/api.w.org\/{rel}","templated":true}]}}