{"id":766575,"date":"2015-07-25T12:00:35","date_gmt":"2015-07-25T10:00:35","guid":{"rendered":"https:\/\/dailynewshungary.com\/de\/notwendigkeit-den-migrationsweg-des-westbalkans-fur-die-eu-klar-anzugehen-sagt-offizieller\/"},"modified":"2015-07-25T12:00:35","modified_gmt":"2015-07-25T10:00:35","slug":"notwendigkeit-den-migrationsweg-des-westbalkans-fur-die-eu-klar-anzugehen-sagt-offizieller","status":"publish","type":"post","link":"https:\/\/dailynewshungary.com\/de\/notwendigkeit-den-migrationsweg-des-westbalkans-fur-die-eu-klar-anzugehen-sagt-offizieller\/","title":{"rendered":"Notwendigkeit, den Migrationsweg des Westbalkans f\u00fcr die EU klar anzugehen, sagt offizieller"},"content":{"rendered":"<p><strong>Budapest (MTI) (Dank der diplomatischen Bem\u00fchungen der Regierung in den letzten Wochen versteht jeder in Europa, dass es notwendig ist, sich mit der Migrationsroute im Westbalkan auseinanderzusetzen, sagte der Staatssekret\u00e4r f\u00fcr EU-Angelegenheiten im B\u00fcro des Ministerpr\u00e4sidenten am Freitag.<\/strong><\/p>\n<p>Szabolcs Takacs erkl\u00e4rte nach der Teilnahme an einer informellen Sitzung des Rates f\u00fcr Allgemeine Angelegenheiten der Europ\u00e4ischen Union in Luxemburg, dass diese anl\u00e4sslich der \u00dcbernahme der rotierenden EU-Pr\u00e4sidentschaft durch Luxemburg am 1. Juli abgehalten wurde und die Teilnehmer einen \u00dcberblick \u00fcber die Aufgaben f\u00fcr die n\u00e4chsten sechs Monate gaben.<\/p>\n<p>Migration sei ein vorrangiges Thema des Treffens und die Teilnehmer, darunter Minister der 28 EU-Mitglieder und aus Kandidatenl\u00e4ndern, best\u00e4tigten Pl\u00e4ne, im Herbst eine Konferenz \u00fcber die Migrationsroute des Westbalkans in Budapest abzuhalten, sagte er.<\/p>\n<p>Alle von der Migrationsroute des Westbalkans betroffenen L\u00e4nder seien bei dem Treffen vertreten und betonten, dass die Herausforderungen nur bew\u00e4ltigt werden k\u00f6nnten, wenn sie ihre Kr\u00e4fte b\u00fcndeln und zusammenarbeiten, sagte Takacs.<\/p>\n<p><em>Foto: MTI<\/em><\/p>\n","protected":false},"excerpt":{"rendered":"<p>Budapest (MTI) (Dank der diplomatischen Bem\u00fchungen der Regierung in den letzten Wochen versteht jeder in Europa, dass es notwendig ist, sich mit der Migrationsroute im Westbalkan auseinanderzusetzen, sagte der Staatssekret\u00e4r f\u00fcr EU-Angelegenheiten im B\u00fcro des Ministerpr\u00e4sidenten am Freitag. Szabolcs Takacs erkl\u00e4rte nach der Teilnahme an einer informellen Sitzung des Rates f\u00fcr Allgemeine Angelegenheiten der Europ\u00e4ischen [&hellip;]<\/p>\n","protected":false},"author":2,"featured_media":766576,"comment_status":"open","ping_status":"open","sticky":false,"template":"","format":"standard","meta":{"_acf_changed":false,"_display_image":"","footnotes":""},"categories":[1081],"tags":[1082,1445],"class_list":["post-766575","post","type-post","status-publish","format-standard","has-post-thumbnail","hentry","category-politik","tag-europaische-union","tag-migration"],"blocksy_meta":[],"acf":[],"author_username":"alk","telegram_post":"","public_post_metadata":{"breaking_news":"","important":"","csempe":"","center_tile":"","disable_thumbnail":"","target_lang":"","_featured_image_style":"","telegram_post":"","_xlat_group_id":""},"public_rank_math_data":{"title":"%title% %sep% %sitename%","description":"","focus_keyword":"","canonical_url":"","robots":"","primary_category":"1081","breadcrumb_title":"","facebook_title":"","facebook_description":"","facebook_image":"","facebook_image_id":"","twitter_title":"","twitter_description":"","twitter_image":"","twitter_image_id":"","twitter_card_type":"","twitter_use_facebook":"","advanced_robots":"","pillar_content":"","seo_score":"","contentai_score":"","rich_snippet":""},"_links":{"self":[{"href":"https:\/\/dailynewshungary.com\/de\/wp-json\/wp\/v2\/posts\/766575","targetHints":{"allow":["GET"]}}],"collection":[{"href":"https:\/\/dailynewshungary.com\/de\/wp-json\/wp\/v2\/posts"}],"about":[{"href":"https:\/\/dailynewshungary.com\/de\/wp-json\/wp\/v2\/types\/post"}],"author":[{"embeddable":true,"href":"https:\/\/dailynewshungary.com\/de\/wp-json\/wp\/v2\/users\/2"}],"replies":[{"embeddable":true,"href":"https:\/\/dailynewshungary.com\/de\/wp-json\/wp\/v2\/comments?post=766575"}],"version-history":[{"count":0,"href":"https:\/\/dailynewshungary.com\/de\/wp-json\/wp\/v2\/posts\/766575\/revisions"}],"wp:featuredmedia":[{"embeddable":true,"href":"https:\/\/dailynewshungary.com\/de\/wp-json\/wp\/v2\/media\/766576"}],"wp:attachment":[{"href":"https:\/\/dailynewshungary.com\/de\/wp-json\/wp\/v2\/media?parent=766575"}],"wp:term":[{"taxonomy":"category","embeddable":true,"href":"https:\/\/dailynewshungary.com\/de\/wp-json\/wp\/v2\/categories?post=766575"},{"taxonomy":"post_tag","embeddable":true,"href":"https:\/\/dailynewshungary.com\/de\/wp-json\/wp\/v2\/tags?post=766575"}],"curies":[{"name":"wp","href":"https:\/\/api.w.org\/{rel}","templated":true}]}}