{"id":766595,"date":"2015-07-24T10:24:44","date_gmt":"2015-07-24T08:24:44","guid":{"rendered":"https:\/\/dailynewshungary.com\/de\/regierung-unterzeichnet-strategisches-kooperationsabkommen-mit-unilever\/"},"modified":"2015-07-24T10:24:44","modified_gmt":"2015-07-24T08:24:44","slug":"regierung-unterzeichnet-strategisches-kooperationsabkommen-mit-unilever","status":"publish","type":"post","link":"https:\/\/dailynewshungary.com\/de\/regierung-unterzeichnet-strategisches-kooperationsabkommen-mit-unilever\/","title":{"rendered":"Regierung unterzeichnet strategisches Kooperationsabkommen mit Unilever"},"content":{"rendered":"<p><strong>Budapest, 23. Juli (MTI) \u2013 Die Regierung wird eine strategische Kooperationsvereinbarung mit der Handelsgesellschaft Unilever Ungarn unterzeichnen, die einem im Amtsblatt Magyar Kozlony vom Donnerstag ver\u00f6ffentlichten Beschluss entspricht.<\/strong><\/p>\n<p>Es wird erwartet, dass der Minister f\u00fcr ausw\u00e4rtige Angelegenheiten und Handel die Unterzeichnung des Abkommens mit Unilever, einem Gro\u00dfinvestor in Ungarn, arrangiert.<\/p>\n<p>Seit 2012 hat die Regierung Partnerschaftsvereinbarungen mit 64 Unternehmen unterzeichnet, die in Ungarn investieren Au\u00dfenminister Laszlo Szabo sagte Anfang dieser Woche, dass diese Unternehmen seit der Unterzeichnung von Vereinbarungen mit der Regierung 13.000 weitere Arbeitspl\u00e4tze geschaffen haben.<\/p>\n<p>Der britisch-niederl\u00e4ndische multinationale Konzern Unilever ist nach dem US-amerikanischen Unternehmen Procter and Gamble das zweitgr\u00f6\u00dfte Konsumg\u00fcterunternehmen, es ist in Ungarn durch drei Produktionsst\u00e4tten vertreten, die \u00fcber 1500 Mitarbeiter besch\u00e4ftigen.<\/p>\n","protected":false},"excerpt":{"rendered":"<p>Budapest, 23. Juli (MTI) \u2013 Die Regierung wird eine strategische Kooperationsvereinbarung mit der Handelsgesellschaft Unilever Ungarn unterzeichnen, die einem im Amtsblatt Magyar Kozlony vom Donnerstag ver\u00f6ffentlichten Beschluss entspricht. Es wird erwartet, dass der Minister f\u00fcr ausw\u00e4rtige Angelegenheiten und Handel die Unterzeichnung des Abkommens mit Unilever, einem Gro\u00dfinvestor in Ungarn, arrangiert. Seit 2012 hat die Regierung [&hellip;]<\/p>\n","protected":false},"author":2,"featured_media":766596,"comment_status":"open","ping_status":"open","sticky":false,"template":"","format":"standard","meta":{"_acf_changed":false,"_display_image":"","footnotes":""},"categories":[1281],"tags":[1066],"class_list":["post-766595","post","type-post","status-publish","format-standard","has-post-thumbnail","hentry","category-geschaft","tag-hungary"],"blocksy_meta":[],"acf":[],"author_username":"alk","telegram_post":"","public_post_metadata":{"breaking_news":"","important":"","csempe":"","center_tile":"","disable_thumbnail":"","target_lang":"","_featured_image_style":"","telegram_post":"","_xlat_group_id":""},"public_rank_math_data":{"title":"%title% %sep% %sitename%","description":"","focus_keyword":"","canonical_url":"","robots":"","primary_category":"1281","breadcrumb_title":"","facebook_title":"","facebook_description":"","facebook_image":"","facebook_image_id":"","twitter_title":"","twitter_description":"","twitter_image":"","twitter_image_id":"","twitter_card_type":"","twitter_use_facebook":"","advanced_robots":"","pillar_content":"","seo_score":"","contentai_score":"","rich_snippet":""},"_links":{"self":[{"href":"https:\/\/dailynewshungary.com\/de\/wp-json\/wp\/v2\/posts\/766595","targetHints":{"allow":["GET"]}}],"collection":[{"href":"https:\/\/dailynewshungary.com\/de\/wp-json\/wp\/v2\/posts"}],"about":[{"href":"https:\/\/dailynewshungary.com\/de\/wp-json\/wp\/v2\/types\/post"}],"author":[{"embeddable":true,"href":"https:\/\/dailynewshungary.com\/de\/wp-json\/wp\/v2\/users\/2"}],"replies":[{"embeddable":true,"href":"https:\/\/dailynewshungary.com\/de\/wp-json\/wp\/v2\/comments?post=766595"}],"version-history":[{"count":0,"href":"https:\/\/dailynewshungary.com\/de\/wp-json\/wp\/v2\/posts\/766595\/revisions"}],"wp:featuredmedia":[{"embeddable":true,"href":"https:\/\/dailynewshungary.com\/de\/wp-json\/wp\/v2\/media\/766596"}],"wp:attachment":[{"href":"https:\/\/dailynewshungary.com\/de\/wp-json\/wp\/v2\/media?parent=766595"}],"wp:term":[{"taxonomy":"category","embeddable":true,"href":"https:\/\/dailynewshungary.com\/de\/wp-json\/wp\/v2\/categories?post=766595"},{"taxonomy":"post_tag","embeddable":true,"href":"https:\/\/dailynewshungary.com\/de\/wp-json\/wp\/v2\/tags?post=766595"}],"curies":[{"name":"wp","href":"https:\/\/api.w.org\/{rel}","templated":true}]}}