{"id":766671,"date":"2015-07-20T12:55:45","date_gmt":"2015-07-20T10:55:45","guid":{"rendered":"https:\/\/dailynewshungary.com\/de\/die-regierung-muss-die-volan-probleme-beheben-sagt-die-gewerkschaft\/"},"modified":"2015-07-20T12:55:45","modified_gmt":"2015-07-20T10:55:45","slug":"die-regierung-muss-die-volan-probleme-beheben-sagt-die-gewerkschaft","status":"publish","type":"post","link":"https:\/\/dailynewshungary.com\/de\/die-regierung-muss-die-volan-probleme-beheben-sagt-die-gewerkschaft\/","title":{"rendered":"Die Regierung muss die Volan-Probleme beheben, sagt die Gewerkschaft"},"content":{"rendered":"<p><strong>Budapest, 20. Juli (MTI) \u2013 Die Regierung muss auf Personalengp\u00e4sse und Lohnforderungen beim Fernbusunternehmen Volan reagieren, sonst k\u00f6nnten die Dienste eingestellt werden, sagte eine Gewerkschaft.<\/strong><\/p>\n<p>Die Fusion von Volan mit den nationalen Eisenbahnen MAV, wie sie zuvor vom Chef des Regierungsb\u00fcros, Janos Lazar, angek\u00fcndigt wurde, sei keine L\u00f6sung f\u00fcr diese Probleme, sagte die KKSZ am Montag in einer Erkl\u00e4rung.<\/p>\n<p>Volan-Unternehmen besch\u00e4ftigen derzeit 18.000 Mitarbeiter, es w\u00e4re jedoch mehr Personal erforderlich. KKSZ wies darauf hin, dass das Ziel der Regierung darin bestehe, durch die geplante Marktliberalisierung am 1. Januar 2017 eine Wettbewerbssituation in regionalen Verkehrszentren zu schaffen. Der Sektor ben\u00f6tige auch 1.200 neue Busse, es seien jedoch noch keine Schritte in diese Richtung unternommen worden, sagte die Gewerkschaft.<\/p>\n","protected":false},"excerpt":{"rendered":"<p>Budapest, 20. Juli (MTI) \u2013 Die Regierung muss auf Personalengp\u00e4sse und Lohnforderungen beim Fernbusunternehmen Volan reagieren, sonst k\u00f6nnten die Dienste eingestellt werden, sagte eine Gewerkschaft. Die Fusion von Volan mit den nationalen Eisenbahnen MAV, wie sie zuvor vom Chef des Regierungsb\u00fcros, Janos Lazar, angek\u00fcndigt wurde, sei keine L\u00f6sung f\u00fcr diese Probleme, sagte die KKSZ am [&hellip;]<\/p>\n","protected":false},"author":2,"featured_media":766672,"comment_status":"open","ping_status":"open","sticky":false,"template":"","format":"standard","meta":{"_acf_changed":false,"_display_image":"","footnotes":""},"categories":[1281],"tags":[1297],"class_list":["post-766671","post","type-post","status-publish","format-standard","has-post-thumbnail","hentry","category-geschaft","tag-transport"],"blocksy_meta":[],"acf":[],"author_username":"alk","telegram_post":"","public_post_metadata":{"breaking_news":"","important":"","csempe":"","center_tile":"","disable_thumbnail":"","target_lang":"","_featured_image_style":"","telegram_post":"","_xlat_group_id":""},"public_rank_math_data":{"title":"%title% %sep% %sitename%","description":"","focus_keyword":"","canonical_url":"","robots":"","primary_category":"1281","breadcrumb_title":"","facebook_title":"","facebook_description":"","facebook_image":"","facebook_image_id":"","twitter_title":"","twitter_description":"","twitter_image":"","twitter_image_id":"","twitter_card_type":"","twitter_use_facebook":"","advanced_robots":"","pillar_content":"","seo_score":"","contentai_score":"","rich_snippet":""},"_links":{"self":[{"href":"https:\/\/dailynewshungary.com\/de\/wp-json\/wp\/v2\/posts\/766671","targetHints":{"allow":["GET"]}}],"collection":[{"href":"https:\/\/dailynewshungary.com\/de\/wp-json\/wp\/v2\/posts"}],"about":[{"href":"https:\/\/dailynewshungary.com\/de\/wp-json\/wp\/v2\/types\/post"}],"author":[{"embeddable":true,"href":"https:\/\/dailynewshungary.com\/de\/wp-json\/wp\/v2\/users\/2"}],"replies":[{"embeddable":true,"href":"https:\/\/dailynewshungary.com\/de\/wp-json\/wp\/v2\/comments?post=766671"}],"version-history":[{"count":0,"href":"https:\/\/dailynewshungary.com\/de\/wp-json\/wp\/v2\/posts\/766671\/revisions"}],"wp:featuredmedia":[{"embeddable":true,"href":"https:\/\/dailynewshungary.com\/de\/wp-json\/wp\/v2\/media\/766672"}],"wp:attachment":[{"href":"https:\/\/dailynewshungary.com\/de\/wp-json\/wp\/v2\/media?parent=766671"}],"wp:term":[{"taxonomy":"category","embeddable":true,"href":"https:\/\/dailynewshungary.com\/de\/wp-json\/wp\/v2\/categories?post=766671"},{"taxonomy":"post_tag","embeddable":true,"href":"https:\/\/dailynewshungary.com\/de\/wp-json\/wp\/v2\/tags?post=766671"}],"curies":[{"name":"wp","href":"https:\/\/api.w.org\/{rel}","templated":true}]}}