{"id":766777,"date":"2015-07-14T22:00:07","date_gmt":"2015-07-14T20:00:07","guid":{"rendered":"https:\/\/dailynewshungary.com\/de\/wirtschaftsministerium-griechenland-geht-davon-aus-dass-es-kaum-auswirkungen-auf-ungarn-haben-wird\/"},"modified":"2015-07-14T22:00:07","modified_gmt":"2015-07-14T20:00:07","slug":"wirtschaftsministerium-griechenland-geht-davon-aus-dass-es-kaum-auswirkungen-auf-ungarn-haben-wird","status":"publish","type":"post","link":"https:\/\/dailynewshungary.com\/de\/wirtschaftsministerium-griechenland-geht-davon-aus-dass-es-kaum-auswirkungen-auf-ungarn-haben-wird\/","title":{"rendered":"Wirtschaftsministerium: Griechenland geht davon aus, dass es kaum Auswirkungen auf Ungarn haben wird"},"content":{"rendered":"<p><strong>Budapest, 14. Juli (MTI) \u2013 Das j\u00fcngste Rettungsabkommen zwischen Griechenland und seinen Partnern in der Eurozone und seine m\u00f6glichen Folgen werden kaum Auswirkungen auf die ungarische Wirtschaft haben, sagte der ungarische Wirtschaftsminister nach einem Ecofin-Treffen am Dienstag nach Angaben des Wirtschaftsministeriums.<\/strong><\/p>\n<p>Mihaly Varga nahm an dem Treffen der EU-Wirtschafts- und Finanzminister teil, bei dem die griechische Schuldenkrise und der damit verbundene Bericht des Ecofin-Vorstands er\u00f6rtert wurden, teilte das Ministerium in einer Erkl\u00e4rung mit.<\/p>\n<p>Nach Ansicht von Varga ist die L\u00f6sung der Griechenlandkrise zu einem europ\u00e4ischen Problem geworden, und f\u00fcgt hinzu, dass die Vereinbarung vom Montag keine dauerhafte L\u00f6sung sei, da sie noch von einer Reihe nationaler Parlamente, darunter denen Griechenlands und Deutschlands, gebilligt werden m\u00fcsse.<\/p>\n<p>Varga sagte, der neue Rettungsschirm w\u00e4re sicherlich eine \u201criesige Belastung\u201d f\u00fcr die griechische Gesellschaft.<\/p>\n","protected":false},"excerpt":{"rendered":"<p>Budapest, 14. Juli (MTI) \u2013 Das j\u00fcngste Rettungsabkommen zwischen Griechenland und seinen Partnern in der Eurozone und seine m\u00f6glichen Folgen werden kaum Auswirkungen auf die ungarische Wirtschaft haben, sagte der ungarische Wirtschaftsminister nach einem Ecofin-Treffen am Dienstag nach Angaben des Wirtschaftsministeriums. Mihaly Varga nahm an dem Treffen der EU-Wirtschafts- und Finanzminister teil, bei dem die [&hellip;]<\/p>\n","protected":false},"author":2,"featured_media":766778,"comment_status":"open","ping_status":"open","sticky":false,"template":"","format":"standard","meta":{"_acf_changed":false,"_display_image":"","footnotes":""},"categories":[1281],"tags":[1082,1104],"class_list":["post-766777","post","type-post","status-publish","format-standard","has-post-thumbnail","hentry","category-geschaft","tag-europaische-union","tag-wirtschaft"],"blocksy_meta":[],"acf":[],"author_username":"alk","telegram_post":"","public_post_metadata":{"breaking_news":"","important":"","csempe":"","center_tile":"","disable_thumbnail":"","target_lang":"","_featured_image_style":"","telegram_post":"","_xlat_group_id":""},"public_rank_math_data":{"title":"%title% %sep% %sitename%","description":"","focus_keyword":"","canonical_url":"","robots":"","primary_category":"1281","breadcrumb_title":"","facebook_title":"","facebook_description":"","facebook_image":"","facebook_image_id":"","twitter_title":"","twitter_description":"","twitter_image":"","twitter_image_id":"","twitter_card_type":"","twitter_use_facebook":"","advanced_robots":"","pillar_content":"","seo_score":"","contentai_score":"","rich_snippet":""},"_links":{"self":[{"href":"https:\/\/dailynewshungary.com\/de\/wp-json\/wp\/v2\/posts\/766777","targetHints":{"allow":["GET"]}}],"collection":[{"href":"https:\/\/dailynewshungary.com\/de\/wp-json\/wp\/v2\/posts"}],"about":[{"href":"https:\/\/dailynewshungary.com\/de\/wp-json\/wp\/v2\/types\/post"}],"author":[{"embeddable":true,"href":"https:\/\/dailynewshungary.com\/de\/wp-json\/wp\/v2\/users\/2"}],"replies":[{"embeddable":true,"href":"https:\/\/dailynewshungary.com\/de\/wp-json\/wp\/v2\/comments?post=766777"}],"version-history":[{"count":0,"href":"https:\/\/dailynewshungary.com\/de\/wp-json\/wp\/v2\/posts\/766777\/revisions"}],"wp:featuredmedia":[{"embeddable":true,"href":"https:\/\/dailynewshungary.com\/de\/wp-json\/wp\/v2\/media\/766778"}],"wp:attachment":[{"href":"https:\/\/dailynewshungary.com\/de\/wp-json\/wp\/v2\/media?parent=766777"}],"wp:term":[{"taxonomy":"category","embeddable":true,"href":"https:\/\/dailynewshungary.com\/de\/wp-json\/wp\/v2\/categories?post=766777"},{"taxonomy":"post_tag","embeddable":true,"href":"https:\/\/dailynewshungary.com\/de\/wp-json\/wp\/v2\/tags?post=766777"}],"curies":[{"name":"wp","href":"https:\/\/api.w.org\/{rel}","templated":true}]}}