{"id":766884,"date":"2015-07-09T20:14:34","date_gmt":"2015-07-09T18:14:34","guid":{"rendered":"https:\/\/dailynewshungary.com\/de\/lazar-asylmissbrauch-sollte-nach-verscharfung-des-gesetzes-zuruckgehen\/"},"modified":"2015-07-09T20:14:34","modified_gmt":"2015-07-09T18:14:34","slug":"lazar-asylmissbrauch-sollte-nach-verscharfung-des-gesetzes-zuruckgehen","status":"publish","type":"post","link":"https:\/\/dailynewshungary.com\/de\/lazar-asylmissbrauch-sollte-nach-verscharfung-des-gesetzes-zuruckgehen\/","title":{"rendered":"Lazar: Asylmissbrauch sollte nach Versch\u00e4rfung des Gesetzes zur\u00fcckgehen"},"content":{"rendered":"<p><strong>Budapest, 9. Juli (MTI) \u2013 Die Regierung geht davon aus, dass die Missbr\u00e4uche des Asylsystems deutlich zur\u00fcckgehen werden, nachdem Anfang dieser Woche ein entsprechendes Gesetz verabschiedet wurde, sagte Regierungsamtsleiter Janos Lazar.<\/strong><\/p>\n<p>Das Gesetz werde die wichtige Aufgabe der \u00dcberpr\u00fcfung illegaler Migranten ber\u00fccksichtigen und die Asylverfahren vereinheitlichen und versch\u00e4rfen, sagte Lazar am Donnerstag auf einer Pressekonferenz.<\/p>\n<p>Die Gespr\u00e4che mit der Europ\u00e4ischen Union 00, insbesondere Deutschland und \u00d6sterreich, \u00fcber die 15.000-20.000 Migranten, deren R\u00fcckf\u00fchrung nach Ungarn geplant ist, m\u00fcssten fortgesetzt werden, sagte er.<\/p>\n<p>Lazar begr\u00fc\u00dfte die j\u00fcngsten \u00c4u\u00dferungen der deutschen Bundeskanzlerin Angela Merkel, die auf die Schwere der Migrationskrise in Serbien und Ungarn hinwies.<\/p>\n<p>Eine vor\u00fcbergehende Grenzschlie\u00dfung sei bei \u201cVolldampf voraus\u201d in Vorbereitung und der Innenminister habe den Auftrag erhalten, den Zaun so bald wie m\u00f6glich zu errichten, sagte LazarDer Bau solle innerhalb von Wochen beginnen, f\u00fcgte er hinzu.<\/p>\n<p>Lazar sagte, er habe Beweise von Geheimdiensten gesehen, dass in Serbien Menschenhandelsgruppen operieren, und sie seien in der Lage, Orte zu identifizieren, an denen die Grenze leicht durchl\u00e4ssig sei, sagte er.<\/p>\n<p>Auf die Frage, was die Regierung unternehme, um die Ausbreitung von Fremdenfeindlichkeit zu verhindern, sagte er: \u201cWenn Migranten nicht nach den Regeln des Ziellandes spielen, werden sich die Einheimischen abgesto\u00dfen f\u00fchlen\u201d Er sagte, das ungarische Volk w\u00fcrde \u201cgladerweise Asyl gew\u00e4hren\u201d f\u00fcr diejenigen, die vor Krieg und Verfolgung wegen ihrer ethnischen Zugeh\u00f6rigkeit, ihres Glaubens oder ihrer politischen Ansichten fliehen, aber diejenigen, die glauben, sie k\u00f6nnten illegal nach Europa einreisen, nur um ein besseres Leben zu f\u00fchren, \u201cwerden niemals akzeptiert\u201d.<\/p>\n<p>Lazar sagte, die damit verbundenen Entwicklungen w\u00fcrden auf einer Kabinettssitzung am 21. Juli besprochen, zusammen mit den notwendigen Katastrophenhilfema\u00dfnahmen f\u00fcr Sch\u00e4den, die durch den Sturm am Mittwoch und die griechische Schuldenkrise verursacht wurden.<\/p>\n<p><em>Foto: MTI<\/em><\/p>\n","protected":false},"excerpt":{"rendered":"<p>Budapest, 9. Juli (MTI) \u2013 Die Regierung geht davon aus, dass die Missbr\u00e4uche des Asylsystems deutlich zur\u00fcckgehen werden, nachdem Anfang dieser Woche ein entsprechendes Gesetz verabschiedet wurde, sagte Regierungsamtsleiter Janos Lazar. Das Gesetz werde die wichtige Aufgabe der \u00dcberpr\u00fcfung illegaler Migranten ber\u00fccksichtigen und die Asylverfahren vereinheitlichen und versch\u00e4rfen, sagte Lazar am Donnerstag auf einer Pressekonferenz. [&hellip;]<\/p>\n","protected":false},"author":2,"featured_media":766885,"comment_status":"open","ping_status":"open","sticky":false,"template":"","format":"standard","meta":{"_acf_changed":false,"_display_image":"","footnotes":""},"categories":[1081],"tags":[1445],"class_list":["post-766884","post","type-post","status-publish","format-standard","has-post-thumbnail","hentry","category-politik","tag-migration"],"blocksy_meta":[],"acf":[],"author_username":"alk","telegram_post":"","public_post_metadata":{"breaking_news":"","important":"","csempe":"","center_tile":"","disable_thumbnail":"","target_lang":"","_featured_image_style":"","telegram_post":"","_xlat_group_id":""},"public_rank_math_data":{"title":"%title% %sep% %sitename%","description":"","focus_keyword":"","canonical_url":"","robots":"","primary_category":"1081","breadcrumb_title":"","facebook_title":"","facebook_description":"","facebook_image":"","facebook_image_id":"","twitter_title":"","twitter_description":"","twitter_image":"","twitter_image_id":"","twitter_card_type":"","twitter_use_facebook":"","advanced_robots":"","pillar_content":"","seo_score":"","contentai_score":"","rich_snippet":""},"_links":{"self":[{"href":"https:\/\/dailynewshungary.com\/de\/wp-json\/wp\/v2\/posts\/766884","targetHints":{"allow":["GET"]}}],"collection":[{"href":"https:\/\/dailynewshungary.com\/de\/wp-json\/wp\/v2\/posts"}],"about":[{"href":"https:\/\/dailynewshungary.com\/de\/wp-json\/wp\/v2\/types\/post"}],"author":[{"embeddable":true,"href":"https:\/\/dailynewshungary.com\/de\/wp-json\/wp\/v2\/users\/2"}],"replies":[{"embeddable":true,"href":"https:\/\/dailynewshungary.com\/de\/wp-json\/wp\/v2\/comments?post=766884"}],"version-history":[{"count":0,"href":"https:\/\/dailynewshungary.com\/de\/wp-json\/wp\/v2\/posts\/766884\/revisions"}],"wp:featuredmedia":[{"embeddable":true,"href":"https:\/\/dailynewshungary.com\/de\/wp-json\/wp\/v2\/media\/766885"}],"wp:attachment":[{"href":"https:\/\/dailynewshungary.com\/de\/wp-json\/wp\/v2\/media?parent=766884"}],"wp:term":[{"taxonomy":"category","embeddable":true,"href":"https:\/\/dailynewshungary.com\/de\/wp-json\/wp\/v2\/categories?post=766884"},{"taxonomy":"post_tag","embeddable":true,"href":"https:\/\/dailynewshungary.com\/de\/wp-json\/wp\/v2\/tags?post=766884"}],"curies":[{"name":"wp","href":"https:\/\/api.w.org\/{rel}","templated":true}]}}