{"id":766946,"date":"2015-07-07T18:00:57","date_gmt":"2015-07-07T16:00:57","guid":{"rendered":"https:\/\/dailynewshungary.com\/de\/der-flugverkehr-zwischen-budapest-und-belgrad-wird-eingestellt\/"},"modified":"2015-07-07T18:00:57","modified_gmt":"2015-07-07T16:00:57","slug":"der-flugverkehr-zwischen-budapest-und-belgrad-wird-eingestellt","status":"publish","type":"post","link":"https:\/\/dailynewshungary.com\/de\/der-flugverkehr-zwischen-budapest-und-belgrad-wird-eingestellt\/","title":{"rendered":"Der Flugverkehr zwischen Budapest und Belgrad wird eingestellt"},"content":{"rendered":"<p><strong>Zwischen der serbischen und der ungarischen Hauptstadt soll es laut hir24.hu keine Direktfl\u00fcge geben.<\/strong><\/p>\n<p>Die serbische nationale Fluggesellschaft Air Serbia entschied, dass sie die bis zum 24. M\u00e4rz 2014 er\u00f6ffnete Linie ab dem 25. Oktober 2015 nicht betreiben wirdDer Flug von Air Serbia verkehrt derzeit t\u00e4glich zwischen Budapest und Belgrad, nach Branchenquellen hat sie sich f\u00fcr die Aussetzung aufgrund der geringen Auslastung des Fluges entschieden.hu schrieb.<\/p>\n<p>Durch den Wegfall von Air Serbia l\u00f6st sich das Liniennetz des Budapester Flughafens von einem wichtigen regionalen Netz, da andere Fluggesellschaften, mit Ausnahme der Wei\u00dfrussischen Belavia, die zwischen Minsk und Budapest verkehrt, keine Direktfl\u00fcge zwischen den beiden Hauptst\u00e4dten anbieten.<\/p>\n<p><em>basierend auf dem Artikel von hir24.hu<br \/>\n\u00dcbersetzt von B.A<\/em><\/p>\n","protected":false},"excerpt":{"rendered":"<p>Zwischen der serbischen und der ungarischen Hauptstadt soll es laut hir24.hu keine Direktfl\u00fcge geben. Die serbische nationale Fluggesellschaft Air Serbia entschied, dass sie die bis zum 24. M\u00e4rz 2014 er\u00f6ffnete Linie ab dem 25. Oktober 2015 nicht betreiben wirdDer Flug von Air Serbia verkehrt derzeit t\u00e4glich zwischen Budapest und Belgrad, nach Branchenquellen hat sie sich [&hellip;]<\/p>\n","protected":false},"author":3,"featured_media":766947,"comment_status":"open","ping_status":"open","sticky":false,"template":"","format":"standard","meta":{"_acf_changed":false,"_display_image":"","footnotes":""},"categories":[1281],"tags":[1115,1297],"class_list":["post-766946","post","type-post","status-publish","format-standard","has-post-thumbnail","hentry","category-geschaft","tag-flughafen","tag-transport"],"blocksy_meta":[],"acf":[],"author_username":"becsi","telegram_post":"","public_post_metadata":{"breaking_news":"","important":"","csempe":"","center_tile":"","disable_thumbnail":"","target_lang":"","_featured_image_style":"","telegram_post":"","_xlat_group_id":""},"public_rank_math_data":{"title":"%title% %sep% %sitename%","description":"","focus_keyword":"","canonical_url":"","robots":"","primary_category":"1281","breadcrumb_title":"","facebook_title":"","facebook_description":"","facebook_image":"","facebook_image_id":"","twitter_title":"","twitter_description":"","twitter_image":"","twitter_image_id":"","twitter_card_type":"","twitter_use_facebook":"","advanced_robots":"","pillar_content":"","seo_score":"","contentai_score":"","rich_snippet":""},"_links":{"self":[{"href":"https:\/\/dailynewshungary.com\/de\/wp-json\/wp\/v2\/posts\/766946","targetHints":{"allow":["GET"]}}],"collection":[{"href":"https:\/\/dailynewshungary.com\/de\/wp-json\/wp\/v2\/posts"}],"about":[{"href":"https:\/\/dailynewshungary.com\/de\/wp-json\/wp\/v2\/types\/post"}],"author":[{"embeddable":true,"href":"https:\/\/dailynewshungary.com\/de\/wp-json\/wp\/v2\/users\/3"}],"replies":[{"embeddable":true,"href":"https:\/\/dailynewshungary.com\/de\/wp-json\/wp\/v2\/comments?post=766946"}],"version-history":[{"count":0,"href":"https:\/\/dailynewshungary.com\/de\/wp-json\/wp\/v2\/posts\/766946\/revisions"}],"wp:featuredmedia":[{"embeddable":true,"href":"https:\/\/dailynewshungary.com\/de\/wp-json\/wp\/v2\/media\/766947"}],"wp:attachment":[{"href":"https:\/\/dailynewshungary.com\/de\/wp-json\/wp\/v2\/media?parent=766946"}],"wp:term":[{"taxonomy":"category","embeddable":true,"href":"https:\/\/dailynewshungary.com\/de\/wp-json\/wp\/v2\/categories?post=766946"},{"taxonomy":"post_tag","embeddable":true,"href":"https:\/\/dailynewshungary.com\/de\/wp-json\/wp\/v2\/tags?post=766946"}],"curies":[{"name":"wp","href":"https:\/\/api.w.org\/{rel}","templated":true}]}}