{"id":766974,"date":"2015-07-06T16:23:30","date_gmt":"2015-07-06T14:23:30","guid":{"rendered":"https:\/\/dailynewshungary.com\/de\/der-gesetzgeber-stimmt-uber-den-zinssetzer-der-zentralbank-ab\/"},"modified":"2015-07-06T16:23:30","modified_gmt":"2015-07-06T14:23:30","slug":"der-gesetzgeber-stimmt-uber-den-zinssetzer-der-zentralbank-ab","status":"publish","type":"post","link":"https:\/\/dailynewshungary.com\/de\/der-gesetzgeber-stimmt-uber-den-zinssetzer-der-zentralbank-ab\/","title":{"rendered":"Der Gesetzgeber stimmt \u00fcber den Zinssetzer der Zentralbank ab"},"content":{"rendered":"<p><strong>Budapest, 6. Juli (MTI) \u2013 Das Parlament stimmte am Montag f\u00fcr die Ernennung von Gusztav Bager zum Mitglied des W\u00e4hrungsrates zur Zinsfestsetzung der Ungarischen Nationalbank (NBH).<\/strong><\/p>\n<p>Der Gesetzgeber nahm die Ernennung mit 125 Ja-Stimmen, 60 Nein-Stimmen und f\u00fcnf Enthaltungen vor.<\/p>\n<p>Der 76-j\u00e4hrige \u00d6konom arbeitete in den 70 er Jahren f\u00fcr die Wirtschaftskommission der Vereinten Nationen f\u00fcr Europa (UNECE) und in den 80 er Jahren f\u00fcr die Wirtschaftsabteilung des Nationalen Planungsb\u00fcros Ungarns, er arbeitete in den 90 er Jahren f\u00fcr das Finanzministerium und Anfang des Jahrtausends f\u00fcr den Staatlichen Rechnungshof (ASZ), er sa\u00df in den Vorst\u00e4nden der K und H Bank und der Budapest Bank, und ist Mitglied des Ungarischen Schriftstellerverbandes Er ist Professor an der Katholischen Universit\u00e4t Pazmany Peter.<\/p>\n<p>Bager wird Csaba Kandracs ersetzen, die zur\u00fccktritt, um sich auf die Leitung der Ungarischen Reorganisations- und Forderungsverwaltungsgesellschaft (MARK) zu konzentrieren, die im Herbst von der Zentralbank gegr\u00fcndet wurde, um notleidende Gewerbeimmobilienkredite und Immobilien von Banken zu kaufen.<\/p>\n<p>Kandracs war eines von f\u00fcnf externen Mitgliedern des neunk\u00f6pfigen W\u00e4hrungsrates, per Gesetz m\u00fcssen die externen Mitglieder des Rates die Zahl der internen Mitglieder \u00fcbersteigen.<\/p>\n<p>Auch \u00fcber die Besetzung des Aufsichtsrats der NBH stimmten die Gesetzgeber am Montag ab.<\/p>\n<p><em>Foto: MTI<\/em><\/p>\n","protected":false},"excerpt":{"rendered":"<p>Budapest, 6. Juli (MTI) \u2013 Das Parlament stimmte am Montag f\u00fcr die Ernennung von Gusztav Bager zum Mitglied des W\u00e4hrungsrates zur Zinsfestsetzung der Ungarischen Nationalbank (NBH). Der Gesetzgeber nahm die Ernennung mit 125 Ja-Stimmen, 60 Nein-Stimmen und f\u00fcnf Enthaltungen vor. Der 76-j\u00e4hrige \u00d6konom arbeitete in den 70 er Jahren f\u00fcr die Wirtschaftskommission der Vereinten Nationen [&hellip;]<\/p>\n","protected":false},"author":2,"featured_media":766975,"comment_status":"open","ping_status":"open","sticky":false,"template":"","format":"standard","meta":{"_acf_changed":false,"_display_image":"","footnotes":""},"categories":[1281],"tags":[1256,1104],"class_list":["post-766974","post","type-post","status-publish","format-standard","has-post-thumbnail","hentry","category-geschaft","tag-nationalbank-von-ungarn","tag-wirtschaft"],"blocksy_meta":[],"acf":[],"author_username":"alk","telegram_post":"","public_post_metadata":{"breaking_news":"","important":"","csempe":"","center_tile":"","disable_thumbnail":"","target_lang":"","_featured_image_style":"","telegram_post":"","_xlat_group_id":""},"public_rank_math_data":{"title":"%title% %sep% %sitename%","description":"","focus_keyword":"","canonical_url":"","robots":"","primary_category":"1281","breadcrumb_title":"","facebook_title":"","facebook_description":"","facebook_image":"","facebook_image_id":"","twitter_title":"","twitter_description":"","twitter_image":"","twitter_image_id":"","twitter_card_type":"","twitter_use_facebook":"","advanced_robots":"","pillar_content":"","seo_score":"","contentai_score":"","rich_snippet":""},"_links":{"self":[{"href":"https:\/\/dailynewshungary.com\/de\/wp-json\/wp\/v2\/posts\/766974","targetHints":{"allow":["GET"]}}],"collection":[{"href":"https:\/\/dailynewshungary.com\/de\/wp-json\/wp\/v2\/posts"}],"about":[{"href":"https:\/\/dailynewshungary.com\/de\/wp-json\/wp\/v2\/types\/post"}],"author":[{"embeddable":true,"href":"https:\/\/dailynewshungary.com\/de\/wp-json\/wp\/v2\/users\/2"}],"replies":[{"embeddable":true,"href":"https:\/\/dailynewshungary.com\/de\/wp-json\/wp\/v2\/comments?post=766974"}],"version-history":[{"count":0,"href":"https:\/\/dailynewshungary.com\/de\/wp-json\/wp\/v2\/posts\/766974\/revisions"}],"wp:featuredmedia":[{"embeddable":true,"href":"https:\/\/dailynewshungary.com\/de\/wp-json\/wp\/v2\/media\/766975"}],"wp:attachment":[{"href":"https:\/\/dailynewshungary.com\/de\/wp-json\/wp\/v2\/media?parent=766974"}],"wp:term":[{"taxonomy":"category","embeddable":true,"href":"https:\/\/dailynewshungary.com\/de\/wp-json\/wp\/v2\/categories?post=766974"},{"taxonomy":"post_tag","embeddable":true,"href":"https:\/\/dailynewshungary.com\/de\/wp-json\/wp\/v2\/tags?post=766974"}],"curies":[{"name":"wp","href":"https:\/\/api.w.org\/{rel}","templated":true}]}}