{"id":766988,"date":"2015-07-06T09:00:39","date_gmt":"2015-07-06T07:00:39","guid":{"rendered":"https:\/\/dailynewshungary.com\/de\/jobbik-fordert-dass-fluchtlingsaufnahmestationen-geschlossen-werden\/"},"modified":"2015-07-06T09:00:39","modified_gmt":"2015-07-06T07:00:39","slug":"jobbik-fordert-dass-fluchtlingsaufnahmestationen-geschlossen-werden","status":"publish","type":"post","link":"https:\/\/dailynewshungary.com\/de\/jobbik-fordert-dass-fluchtlingsaufnahmestationen-geschlossen-werden\/","title":{"rendered":"Jobbik fordert, dass Fl\u00fcchtlingsaufnahmestationen geschlossen werden"},"content":{"rendered":"<p><strong>Budapest (MTI) \u2013 Die radikal-nationalistische Jobbik-Partei fordert, die Fl\u00fcchtlingsaufnahmeeinrichtung in Debrecen in Ostungarn und auch Aufnahmestationen an anderen Standorten in geschlossene Einrichtungen umzuwandeln.<\/strong><\/p>\n<p><strong><\/strong>Jobbik-Vize-Chef Istvan Apati sagte bei einer Demonstration, an der rund 300 Menschen in der N\u00e4he des Eingangs der Einrichtung in Debrecen teilnahmen, dass die Anh\u00e4nger der Partei Vorbereitungen zur Selbstverteidigung treffen sollten, der stellvertretende Vorsitzende Karpat Z Daniel und der Parteiabgeordnete Gergely Kulcsar forderten die Wiedereinf\u00fchrung der Grenzpolizei mit sofortiger Wirkung und die Verlegung von Fl\u00fcchtlingsstationen au\u00dferhalb von Wohngebieten.<\/p>\n<p>Rund hundert Menschen wollten zum Eingang der Anlage marschieren, wurden aber von der Polizei gestoppt, die Demonstranten sangen daraufhin die ungarische Nationalhymne und verlie\u00dfen das Gel\u00e4nde.<\/p>\n<p><em>Foto: MTI<\/em><\/p>\n","protected":false},"excerpt":{"rendered":"<p>Budapest (MTI) \u2013 Die radikal-nationalistische Jobbik-Partei fordert, die Fl\u00fcchtlingsaufnahmeeinrichtung in Debrecen in Ostungarn und auch Aufnahmestationen an anderen Standorten in geschlossene Einrichtungen umzuwandeln. Jobbik-Vize-Chef Istvan Apati sagte bei einer Demonstration, an der rund 300 Menschen in der N\u00e4he des Eingangs der Einrichtung in Debrecen teilnahmen, dass die Anh\u00e4nger der Partei Vorbereitungen zur Selbstverteidigung treffen sollten, [&hellip;]<\/p>\n","protected":false},"author":2,"featured_media":766989,"comment_status":"open","ping_status":"open","sticky":false,"template":"","format":"standard","meta":{"_acf_changed":false,"_display_image":"","footnotes":""},"categories":[1081],"tags":[1632,1445],"class_list":["post-766988","post","type-post","status-publish","format-standard","has-post-thumbnail","hentry","category-politik","tag-jobbik","tag-migration"],"blocksy_meta":[],"acf":[],"author_username":"alk","telegram_post":"","public_post_metadata":{"breaking_news":"","important":"","csempe":"","center_tile":"","disable_thumbnail":"","target_lang":"","_featured_image_style":"","telegram_post":"","_xlat_group_id":""},"public_rank_math_data":{"title":"%title% %sep% %sitename%","description":"","focus_keyword":"","canonical_url":"","robots":"","primary_category":"1081","breadcrumb_title":"","facebook_title":"","facebook_description":"","facebook_image":"","facebook_image_id":"","twitter_title":"","twitter_description":"","twitter_image":"","twitter_image_id":"","twitter_card_type":"","twitter_use_facebook":"","advanced_robots":"","pillar_content":"","seo_score":"","contentai_score":"","rich_snippet":""},"_links":{"self":[{"href":"https:\/\/dailynewshungary.com\/de\/wp-json\/wp\/v2\/posts\/766988","targetHints":{"allow":["GET"]}}],"collection":[{"href":"https:\/\/dailynewshungary.com\/de\/wp-json\/wp\/v2\/posts"}],"about":[{"href":"https:\/\/dailynewshungary.com\/de\/wp-json\/wp\/v2\/types\/post"}],"author":[{"embeddable":true,"href":"https:\/\/dailynewshungary.com\/de\/wp-json\/wp\/v2\/users\/2"}],"replies":[{"embeddable":true,"href":"https:\/\/dailynewshungary.com\/de\/wp-json\/wp\/v2\/comments?post=766988"}],"version-history":[{"count":0,"href":"https:\/\/dailynewshungary.com\/de\/wp-json\/wp\/v2\/posts\/766988\/revisions"}],"wp:featuredmedia":[{"embeddable":true,"href":"https:\/\/dailynewshungary.com\/de\/wp-json\/wp\/v2\/media\/766989"}],"wp:attachment":[{"href":"https:\/\/dailynewshungary.com\/de\/wp-json\/wp\/v2\/media?parent=766988"}],"wp:term":[{"taxonomy":"category","embeddable":true,"href":"https:\/\/dailynewshungary.com\/de\/wp-json\/wp\/v2\/categories?post=766988"},{"taxonomy":"post_tag","embeddable":true,"href":"https:\/\/dailynewshungary.com\/de\/wp-json\/wp\/v2\/tags?post=766988"}],"curies":[{"name":"wp","href":"https:\/\/api.w.org\/{rel}","templated":true}]}}