{"id":766992,"date":"2015-07-05T23:50:44","date_gmt":"2015-07-05T21:50:44","guid":{"rendered":"https:\/\/dailynewshungary.com\/de\/lmp-drangt-auf-europaische-losung-fur-das-problem-der-illegalen-migration\/"},"modified":"2015-07-05T23:50:44","modified_gmt":"2015-07-05T21:50:44","slug":"lmp-drangt-auf-europaische-losung-fur-das-problem-der-illegalen-migration","status":"publish","type":"post","link":"https:\/\/dailynewshungary.com\/de\/lmp-drangt-auf-europaische-losung-fur-das-problem-der-illegalen-migration\/","title":{"rendered":"LMP dr\u00e4ngt auf europ\u00e4ische L\u00f6sung f\u00fcr das Problem der illegalen Migration"},"content":{"rendered":"<p><strong>Budapest, 5. Juli (MTI) \u2013 Die gr\u00fcne Oppositionspartei LMP fordert eine \u201cgut \u00fcberlegte, europaweite\u201d Fl\u00fcchtlingspolitik, sagte LMP-Europaabgeordneter Tamas Meszerics am Sonntag auf einer Pressekonferenz.<\/strong><\/p>\n<p>Meszerics sagte, dass die Dublin-Verordnung \u00fcberarbeitet werden sollte, weil sie eine ungleiche Lastenverteilung auf die Mitgliedstaaten der Europ\u00e4ischen Union vorsehe. Allerdings k\u00f6nnten die Unterzeichner des Abkommens die Anwendung der Regeln nicht \u201cabrupt\u201d aussetzen, sagte er.<\/p>\n<p>Die EU sollte sichere L\u00e4nder und die Rechte von Fl\u00fcchtlingen definieren und festlegen, inwieweit die Mitglieder zur Bew\u00e4ltigung des Problems beitragen sollten, sagte er.<\/p>\n<p>Meszeriker kritisierten die Regierung auch daf\u00fcr, dass sie \u201ckeine vern\u00fcnftige Diskussion\u201d zu diesem Thema f\u00f6rdere.<\/p>\n<p>LMP-Vorstandsmitglied Ferenc Gerstmar sagte, die Regierung sch\u00fcre Panik und Anti-Fl\u00fcchtlings-Stimmungen. Er bestand darauf, dass die Regierung nicht bereit sei, das Problem anzugehen, was zu \u00fcberf\u00fcllten Unterk\u00fcnften und M\u00e4ngeln im regulatorischen Umfeld gef\u00fchrt habe.<\/p>\n","protected":false},"excerpt":{"rendered":"<p>Budapest, 5. Juli (MTI) \u2013 Die gr\u00fcne Oppositionspartei LMP fordert eine \u201cgut \u00fcberlegte, europaweite\u201d Fl\u00fcchtlingspolitik, sagte LMP-Europaabgeordneter Tamas Meszerics am Sonntag auf einer Pressekonferenz. Meszerics sagte, dass die Dublin-Verordnung \u00fcberarbeitet werden sollte, weil sie eine ungleiche Lastenverteilung auf die Mitgliedstaaten der Europ\u00e4ischen Union vorsehe. Allerdings k\u00f6nnten die Unterzeichner des Abkommens die Anwendung der Regeln nicht [&hellip;]<\/p>\n","protected":false},"author":2,"featured_media":766993,"comment_status":"open","ping_status":"open","sticky":false,"template":"","format":"standard","meta":{"_acf_changed":false,"_display_image":"","footnotes":""},"categories":[1081],"tags":[1873,1445],"class_list":["post-766992","post","type-post","status-publish","format-standard","has-post-thumbnail","hentry","category-politik","tag-lmp","tag-migration"],"blocksy_meta":[],"acf":[],"author_username":"alk","telegram_post":"","public_post_metadata":{"breaking_news":"","important":"","csempe":"","center_tile":"","disable_thumbnail":"","target_lang":"","_featured_image_style":"","telegram_post":"","_xlat_group_id":""},"public_rank_math_data":{"title":"%title% %sep% %sitename%","description":"","focus_keyword":"","canonical_url":"","robots":"","primary_category":"1081","breadcrumb_title":"","facebook_title":"","facebook_description":"","facebook_image":"","facebook_image_id":"","twitter_title":"","twitter_description":"","twitter_image":"","twitter_image_id":"","twitter_card_type":"","twitter_use_facebook":"","advanced_robots":"","pillar_content":"","seo_score":"","contentai_score":"","rich_snippet":""},"_links":{"self":[{"href":"https:\/\/dailynewshungary.com\/de\/wp-json\/wp\/v2\/posts\/766992","targetHints":{"allow":["GET"]}}],"collection":[{"href":"https:\/\/dailynewshungary.com\/de\/wp-json\/wp\/v2\/posts"}],"about":[{"href":"https:\/\/dailynewshungary.com\/de\/wp-json\/wp\/v2\/types\/post"}],"author":[{"embeddable":true,"href":"https:\/\/dailynewshungary.com\/de\/wp-json\/wp\/v2\/users\/2"}],"replies":[{"embeddable":true,"href":"https:\/\/dailynewshungary.com\/de\/wp-json\/wp\/v2\/comments?post=766992"}],"version-history":[{"count":0,"href":"https:\/\/dailynewshungary.com\/de\/wp-json\/wp\/v2\/posts\/766992\/revisions"}],"wp:featuredmedia":[{"embeddable":true,"href":"https:\/\/dailynewshungary.com\/de\/wp-json\/wp\/v2\/media\/766993"}],"wp:attachment":[{"href":"https:\/\/dailynewshungary.com\/de\/wp-json\/wp\/v2\/media?parent=766992"}],"wp:term":[{"taxonomy":"category","embeddable":true,"href":"https:\/\/dailynewshungary.com\/de\/wp-json\/wp\/v2\/categories?post=766992"},{"taxonomy":"post_tag","embeddable":true,"href":"https:\/\/dailynewshungary.com\/de\/wp-json\/wp\/v2\/tags?post=766992"}],"curies":[{"name":"wp","href":"https:\/\/api.w.org\/{rel}","templated":true}]}}