{"id":767042,"date":"2015-07-03T08:01:46","date_gmt":"2015-07-03T06:01:46","guid":{"rendered":"https:\/\/dailynewshungary.com\/de\/unhcr-fordert-ungarn-auf-die-asylanderungen-nicht-ubersturzt-vorzunehmen\/"},"modified":"2015-07-03T08:01:46","modified_gmt":"2015-07-03T06:01:46","slug":"unhcr-fordert-ungarn-auf-die-asylanderungen-nicht-ubersturzt-vorzunehmen","status":"publish","type":"post","link":"https:\/\/dailynewshungary.com\/de\/unhcr-fordert-ungarn-auf-die-asylanderungen-nicht-ubersturzt-vorzunehmen\/","title":{"rendered":"UNHCR fordert Ungarn auf, die Asyl\u00e4nderungen nicht \u00fcberst\u00fcrzt vorzunehmen"},"content":{"rendered":"<p><strong>Budapest (MTI) \u2013 Das UNHCR hat Ungarn gebeten, \u00c4nderungen seiner Asylgesetze nicht zu beschleunigen.<\/strong><\/p>\n<p>Das UN-Fl\u00fcchtlingshilfswerk teilte MTI mit, es sei \u201czutiefst besorgt\u201d \u00fcber die \u00c4nderungsvorschl\u00e4ge zu den ungarischen Asylgesetzen, die Anfang dieser Woche dem Parlament vorgelegt wurdenDas UNHCR bat die ungarischen Beh\u00f6rden, sich mit den zivilen Organisationen und dem Fl\u00fcchtlingshilfswerk \u00fcber die vorgeschlagenen \u00c4nderungen zu beraten, bevor sie diese durchsetzen.<\/p>\n<p>Montserrat Feixas Vihe, UNHCR-Regionalvertreter f\u00fcr Mitteleuropa, sagte, die \u00c4nderungsantr\u00e4ge w\u00fcrden, wenn sie verabschiedet w\u00fcrden, f\u00fcr Tausende von Menschen, die in Ungarn Asyl suchen, \u201cverheerend\u201d Sie bat die ungarische Regierung und das ungarische Parlament, daf\u00fcr zu sorgen, dass die Asylgesetze mit internationalen und regionalen Schutzstandards vereinbar bleiben.<\/p>\n<p>Die Agentur sagte, sie sei besorgt \u00fcber die Beschleunigung des Asylverfahrens, die R\u00fcckf\u00fchrung von Asylsuchenden in unsichere Drittl\u00e4nder und die verl\u00e4ngerte Inhaftierung von Asylsuchenden, insbesondere Frauen und Kindern.<\/p>\n<p>In der Erkl\u00e4rung ging es um den 4 Meter hohen Zaun, den die Regierung an der Grenze zu Serbien errichten will, und hie\u00df es, dass Asylsuchende dadurch anf\u00e4lliger f\u00fcr Menschenschmuggler und Menschenh\u00e4ndler w\u00fcrden.<\/p>\n<p>Am Montag schlug Innenminister Sandor Pinter dem Parlament die \u00c4nderung mehrerer Migrations- und Asylgesetze vor. Die Hauptziele des Gesetzesvorschlags bestehen darin, die Verfahren zur Beurteilung der Antr\u00e4ge von Asylbewerbern zu beschleunigen und Wirtschaftsmigranten so schnell wie m\u00f6glich zur\u00fcckzuweisen.<\/p>\n","protected":false},"excerpt":{"rendered":"<p>Budapest (MTI) \u2013 Das UNHCR hat Ungarn gebeten, \u00c4nderungen seiner Asylgesetze nicht zu beschleunigen. Das UN-Fl\u00fcchtlingshilfswerk teilte MTI mit, es sei \u201czutiefst besorgt\u201d \u00fcber die \u00c4nderungsvorschl\u00e4ge zu den ungarischen Asylgesetzen, die Anfang dieser Woche dem Parlament vorgelegt wurdenDas UNHCR bat die ungarischen Beh\u00f6rden, sich mit den zivilen Organisationen und dem Fl\u00fcchtlingshilfswerk \u00fcber die vorgeschlagenen \u00c4nderungen [&hellip;]<\/p>\n","protected":false},"author":3,"featured_media":767043,"comment_status":"open","ping_status":"open","sticky":false,"template":"","format":"standard","meta":{"_acf_changed":false,"_display_image":"","footnotes":""},"categories":[1081],"tags":[1445],"class_list":["post-767042","post","type-post","status-publish","format-standard","has-post-thumbnail","hentry","category-politik","tag-migration"],"blocksy_meta":[],"acf":[],"author_username":"becsi","telegram_post":"","public_post_metadata":{"breaking_news":"","important":"","csempe":"","center_tile":"","disable_thumbnail":"","target_lang":"","_featured_image_style":"","telegram_post":"","_xlat_group_id":""},"public_rank_math_data":{"title":"%title% %sep% %sitename%","description":"","focus_keyword":"","canonical_url":"","robots":"","primary_category":"1081","breadcrumb_title":"","facebook_title":"","facebook_description":"","facebook_image":"","facebook_image_id":"","twitter_title":"","twitter_description":"","twitter_image":"","twitter_image_id":"","twitter_card_type":"","twitter_use_facebook":"","advanced_robots":"","pillar_content":"","seo_score":"","contentai_score":"","rich_snippet":""},"_links":{"self":[{"href":"https:\/\/dailynewshungary.com\/de\/wp-json\/wp\/v2\/posts\/767042","targetHints":{"allow":["GET"]}}],"collection":[{"href":"https:\/\/dailynewshungary.com\/de\/wp-json\/wp\/v2\/posts"}],"about":[{"href":"https:\/\/dailynewshungary.com\/de\/wp-json\/wp\/v2\/types\/post"}],"author":[{"embeddable":true,"href":"https:\/\/dailynewshungary.com\/de\/wp-json\/wp\/v2\/users\/3"}],"replies":[{"embeddable":true,"href":"https:\/\/dailynewshungary.com\/de\/wp-json\/wp\/v2\/comments?post=767042"}],"version-history":[{"count":0,"href":"https:\/\/dailynewshungary.com\/de\/wp-json\/wp\/v2\/posts\/767042\/revisions"}],"wp:featuredmedia":[{"embeddable":true,"href":"https:\/\/dailynewshungary.com\/de\/wp-json\/wp\/v2\/media\/767043"}],"wp:attachment":[{"href":"https:\/\/dailynewshungary.com\/de\/wp-json\/wp\/v2\/media?parent=767042"}],"wp:term":[{"taxonomy":"category","embeddable":true,"href":"https:\/\/dailynewshungary.com\/de\/wp-json\/wp\/v2\/categories?post=767042"},{"taxonomy":"post_tag","embeddable":true,"href":"https:\/\/dailynewshungary.com\/de\/wp-json\/wp\/v2\/tags?post=767042"}],"curies":[{"name":"wp","href":"https:\/\/api.w.org\/{rel}","templated":true}]}}