{"id":767060,"date":"2015-07-01T21:00:33","date_gmt":"2015-07-01T19:00:33","guid":{"rendered":"https:\/\/dailynewshungary.com\/de\/der-wirtschaftsrat-des-parlaments-stimmt-der-nominierung-des-bager-monetary-council-zu\/"},"modified":"2015-07-01T21:00:33","modified_gmt":"2015-07-01T19:00:33","slug":"der-wirtschaftsrat-des-parlaments-stimmt-der-nominierung-des-bager-monetary-council-zu","status":"publish","type":"post","link":"https:\/\/dailynewshungary.com\/de\/der-wirtschaftsrat-des-parlaments-stimmt-der-nominierung-des-bager-monetary-council-zu\/","title":{"rendered":"Der Wirtschaftsrat des Parlaments stimmt der Nominierung des Bager Monetary Council zu"},"content":{"rendered":"<p><strong>Budapest, 1. Juli (MTI) \u2013 Der Wirtschaftsausschuss des Parlaments hat am Mittwoch der Nominierung von Gusztav Bager als Kandidat f\u00fcr die Mitgliedschaft im W\u00e4hrungsrat der Zentralbank zur Festlegung der Zinss\u00e4tze zugestimmt.<\/strong><\/p>\n<p>Die Kandidatur Bagers wurde mit 10 Ja-Stimmen bei 5 Enthaltungen angenommen.<\/p>\n<p>Bager sagte bei seiner Anh\u00f6rung, \u201cim gegenw\u00e4rtigen Umfeld moderater Inflation\u201d sei die wichtigste Aufgabe des Rates, Preisstabilit\u00e4t mit Finanzstabilit\u00e4t in Einklang zu bringen.<\/p>\n<p>Bager erlangte 1961 einen Abschluss in Wirtschaftswissenschaften an der Wirtschaftsuniversit\u00e4t Karl Marx. Von 2003 bis 2008 war er Direktor des Forschungs- und Entwicklungsinstituts des Staatsrechnungshofs (ASZ) und ist derzeit Professor an der Katholischen Universit\u00e4t Pazmany Peter Er ist Mitglied des Ungarischen Schriftstellerverbandes und erhielt 2012 einen Jozsef Attila Award.<\/p>\n","protected":false},"excerpt":{"rendered":"<p>Budapest, 1. Juli (MTI) \u2013 Der Wirtschaftsausschuss des Parlaments hat am Mittwoch der Nominierung von Gusztav Bager als Kandidat f\u00fcr die Mitgliedschaft im W\u00e4hrungsrat der Zentralbank zur Festlegung der Zinss\u00e4tze zugestimmt. Die Kandidatur Bagers wurde mit 10 Ja-Stimmen bei 5 Enthaltungen angenommen. Bager sagte bei seiner Anh\u00f6rung, \u201cim gegenw\u00e4rtigen Umfeld moderater Inflation\u201d sei die wichtigste [&hellip;]<\/p>\n","protected":false},"author":2,"featured_media":767061,"comment_status":"open","ping_status":"open","sticky":false,"template":"","format":"standard","meta":{"_acf_changed":false,"_display_image":"","footnotes":""},"categories":[1281],"tags":[1256,1104],"class_list":["post-767060","post","type-post","status-publish","format-standard","has-post-thumbnail","hentry","category-geschaft","tag-nationalbank-von-ungarn","tag-wirtschaft"],"blocksy_meta":[],"acf":[],"author_username":"alk","telegram_post":"","public_post_metadata":{"breaking_news":"","important":"","csempe":"","center_tile":"","disable_thumbnail":"","target_lang":"","_featured_image_style":"","telegram_post":"","_xlat_group_id":""},"public_rank_math_data":{"title":"%title% %sep% %sitename%","description":"","focus_keyword":"","canonical_url":"","robots":"","primary_category":"1281","breadcrumb_title":"","facebook_title":"","facebook_description":"","facebook_image":"","facebook_image_id":"","twitter_title":"","twitter_description":"","twitter_image":"","twitter_image_id":"","twitter_card_type":"","twitter_use_facebook":"","advanced_robots":"","pillar_content":"","seo_score":"","contentai_score":"","rich_snippet":""},"_links":{"self":[{"href":"https:\/\/dailynewshungary.com\/de\/wp-json\/wp\/v2\/posts\/767060","targetHints":{"allow":["GET"]}}],"collection":[{"href":"https:\/\/dailynewshungary.com\/de\/wp-json\/wp\/v2\/posts"}],"about":[{"href":"https:\/\/dailynewshungary.com\/de\/wp-json\/wp\/v2\/types\/post"}],"author":[{"embeddable":true,"href":"https:\/\/dailynewshungary.com\/de\/wp-json\/wp\/v2\/users\/2"}],"replies":[{"embeddable":true,"href":"https:\/\/dailynewshungary.com\/de\/wp-json\/wp\/v2\/comments?post=767060"}],"version-history":[{"count":0,"href":"https:\/\/dailynewshungary.com\/de\/wp-json\/wp\/v2\/posts\/767060\/revisions"}],"wp:featuredmedia":[{"embeddable":true,"href":"https:\/\/dailynewshungary.com\/de\/wp-json\/wp\/v2\/media\/767061"}],"wp:attachment":[{"href":"https:\/\/dailynewshungary.com\/de\/wp-json\/wp\/v2\/media?parent=767060"}],"wp:term":[{"taxonomy":"category","embeddable":true,"href":"https:\/\/dailynewshungary.com\/de\/wp-json\/wp\/v2\/categories?post=767060"},{"taxonomy":"post_tag","embeddable":true,"href":"https:\/\/dailynewshungary.com\/de\/wp-json\/wp\/v2\/tags?post=767060"}],"curies":[{"name":"wp","href":"https:\/\/api.w.org\/{rel}","templated":true}]}}