{"id":767078,"date":"2015-07-01T11:53:20","date_gmt":"2015-07-01T09:53:20","guid":{"rendered":"https:\/\/dailynewshungary.com\/de\/umautoren-der-okonom-gusztav-bager-ist-kandidat-fur-den-job-als-zinssetzer-bei-der-zentralbank\/"},"modified":"2015-07-01T11:53:20","modified_gmt":"2015-07-01T09:53:20","slug":"umautoren-der-okonom-gusztav-bager-ist-kandidat-fur-den-job-als-zinssetzer-bei-der-zentralbank","status":"publish","type":"post","link":"https:\/\/dailynewshungary.com\/de\/umautoren-der-okonom-gusztav-bager-ist-kandidat-fur-den-job-als-zinssetzer-bei-der-zentralbank\/","title":{"rendered":"Umautoren: Der \u00d6konom Gusztav Bager ist Kandidat f\u00fcr den Job als Zinssetzer bei der Zentralbank"},"content":{"rendered":"<p><strong>Budapest, 1. Juli (MTI) \u2013 Der \u00d6konom Gusztav Bager wird vom Wirtschaftsausschuss des Parlaments als Kandidat f\u00fcr die Mitgliedschaft im W\u00e4hrungsrat der Zentralbank zur Festlegung der Zinss\u00e4tze angeh\u00f6rt.<\/strong><\/p>\n<p>Bager erz\u00e4hlte Reuters bei dem Treffen am Mittwoch von seiner Kandidatur.<\/p>\n<p>Wenn das Parlament zustimmt, wird Bager Csaba Kandracs ersetzen, der mit Wirkung zum 6. Juli zur\u00fcckgetreten ist, um sich auf seine Aufgabe als Leiter des \u201cBad Bank\u201d &#8211; Verm\u00f6gensverwalters der Zentralbank MARK zu konzentrieren. Kandracs war eines von f\u00fcnf externen Mitgliedern im neunk\u00f6pfigen W\u00e4hrungsrat der Ungarischen Nationalbank (NBH).<\/p>\n<p>Die externen Mitglieder des Rates m\u00fcssen laut Gesetz die Zahl der internen Mitglieder \u00fcberschreiten.<\/p>\n","protected":false},"excerpt":{"rendered":"<p>Budapest, 1. Juli (MTI) \u2013 Der \u00d6konom Gusztav Bager wird vom Wirtschaftsausschuss des Parlaments als Kandidat f\u00fcr die Mitgliedschaft im W\u00e4hrungsrat der Zentralbank zur Festlegung der Zinss\u00e4tze angeh\u00f6rt. Bager erz\u00e4hlte Reuters bei dem Treffen am Mittwoch von seiner Kandidatur. Wenn das Parlament zustimmt, wird Bager Csaba Kandracs ersetzen, der mit Wirkung zum 6. Juli zur\u00fcckgetreten [&hellip;]<\/p>\n","protected":false},"author":2,"featured_media":767079,"comment_status":"open","ping_status":"open","sticky":false,"template":"","format":"standard","meta":{"_acf_changed":false,"_display_image":"","footnotes":""},"categories":[1281],"tags":[1256,1104],"class_list":["post-767078","post","type-post","status-publish","format-standard","has-post-thumbnail","hentry","category-geschaft","tag-nationalbank-von-ungarn","tag-wirtschaft"],"blocksy_meta":[],"acf":[],"author_username":"alk","telegram_post":"","public_post_metadata":{"breaking_news":"","important":"","csempe":"","center_tile":"","disable_thumbnail":"","target_lang":"","_featured_image_style":"","telegram_post":"","_xlat_group_id":""},"public_rank_math_data":{"title":"%title% %sep% %sitename%","description":"","focus_keyword":"","canonical_url":"","robots":"","primary_category":"1281","breadcrumb_title":"","facebook_title":"","facebook_description":"","facebook_image":"","facebook_image_id":"","twitter_title":"","twitter_description":"","twitter_image":"","twitter_image_id":"","twitter_card_type":"","twitter_use_facebook":"","advanced_robots":"","pillar_content":"","seo_score":"","contentai_score":"","rich_snippet":""},"_links":{"self":[{"href":"https:\/\/dailynewshungary.com\/de\/wp-json\/wp\/v2\/posts\/767078","targetHints":{"allow":["GET"]}}],"collection":[{"href":"https:\/\/dailynewshungary.com\/de\/wp-json\/wp\/v2\/posts"}],"about":[{"href":"https:\/\/dailynewshungary.com\/de\/wp-json\/wp\/v2\/types\/post"}],"author":[{"embeddable":true,"href":"https:\/\/dailynewshungary.com\/de\/wp-json\/wp\/v2\/users\/2"}],"replies":[{"embeddable":true,"href":"https:\/\/dailynewshungary.com\/de\/wp-json\/wp\/v2\/comments?post=767078"}],"version-history":[{"count":0,"href":"https:\/\/dailynewshungary.com\/de\/wp-json\/wp\/v2\/posts\/767078\/revisions"}],"wp:featuredmedia":[{"embeddable":true,"href":"https:\/\/dailynewshungary.com\/de\/wp-json\/wp\/v2\/media\/767079"}],"wp:attachment":[{"href":"https:\/\/dailynewshungary.com\/de\/wp-json\/wp\/v2\/media?parent=767078"}],"wp:term":[{"taxonomy":"category","embeddable":true,"href":"https:\/\/dailynewshungary.com\/de\/wp-json\/wp\/v2\/categories?post=767078"},{"taxonomy":"post_tag","embeddable":true,"href":"https:\/\/dailynewshungary.com\/de\/wp-json\/wp\/v2\/tags?post=767078"}],"curies":[{"name":"wp","href":"https:\/\/api.w.org\/{rel}","templated":true}]}}