{"id":767092,"date":"2015-06-30T20:36:48","date_gmt":"2015-06-30T18:36:48","guid":{"rendered":"https:\/\/dailynewshungary.com\/de\/opposition-kritisiert-regierung-fur-fluchtlingsmasnahmen\/"},"modified":"2015-06-30T20:36:48","modified_gmt":"2015-06-30T18:36:48","slug":"opposition-kritisiert-regierung-fur-fluchtlingsmasnahmen","status":"publish","type":"post","link":"https:\/\/dailynewshungary.com\/de\/opposition-kritisiert-regierung-fur-fluchtlingsmasnahmen\/","title":{"rendered":"Opposition kritisiert Regierung f\u00fcr Fl\u00fcchtlingsma\u00dfnahmen"},"content":{"rendered":"<p><strong>Budapest, 30. Juni (MTI) \u201eUngarn sollte sich an einer europaweiten L\u00f6sung der Fl\u00fcchtlingskrise beteiligen, sagte die oppositionelle Egyutt-Partei am Dienstag, nachdem der Gesetzgeber eine \u00c4nderung zum Asylgesetz verabschiedet hatte.<\/strong><\/p>\n<p>Egyutt-Abgeordnete Zsuzsanna Szelenyi kritisierte das Gesetz, das es der Regierung erlaubt, bestimmte L\u00e4nder f\u00fcr \u201esicher\u201d zu erkl\u00e4ren und die R\u00fcckf\u00fchrung von Fl\u00fcchtlingen dorthin zu erm\u00f6glichen, und sagte auf einer Pressekonferenz, dass \u201ePremierminister Viktor Orban oder Fidesz m\u00f6glicherweise entscheiden, dass Serbien ein sicheres Land ist, dies aber nicht der Fall sein wird.\u201c\u201d<\/p>\n<p>Die Regierung k\u00f6nne den Zaun wie geplant bauen, aber dies werde den Zustrom von Einwanderern nicht stoppen, f\u00fcgte sie hinzu.<\/p>\n<blockquote>\n<p>\u201cDas wird nur bewirken, dass es legal wird, Fl\u00fcchtlinge in L\u00e4nder zur\u00fcckzuschicken, in denen sie keinen angemessenen Schutz haben\u201d, sagte sie.<\/p>\n<\/blockquote>\n<p>Die Oppositionspartei Dialogue for Ungarn (PM) fordert, dass die Mittel der Europ\u00e4ischen Union f\u00fcr die Modernisierung ungenutzter Kasernen im Land verwendet werden, um sie f\u00fcr Fl\u00fcchtlinge zu \u00f6ffnen, und dass die Einwanderungsbeh\u00f6rde 100 zus\u00e4tzliche Mitarbeiter einstellen sollte, um bei der Bearbeitung von Antr\u00e4gen zu helfen.<\/p>\n<p>Timea Szabo, die Co-Vorsitzende der Partei, sagte am Dienstag auf einer Pressekonferenz, dass diese Ma\u00dfnahmen dazu beitragen sollten, schwere Zwischenf\u00e4lle wie den Streit zwischen zwei Bewohnern eines \u00fcberf\u00fcllten Fl\u00fcchtlingslagers in Debrecen in Ostungarn zu verhindern, der am Montagnachmittag eskalierte, als etwa einhundert Migranten Steine auf vorbeifahrende Autos warfen Alle Parlamentsparteien sollten sich Fachleuten anschlie\u00dfen, um ein Beratungsgremium zu bilden, um das Problem anzugehen, sagte sie und machte die Regierung f\u00fcr den Konflikt im Lager Debrecen verantwortlich, das in den letzten sechs Monaten zu 200 Prozent ausgelastet war.<\/p>\n<p><em>Foto: MTI<\/em><\/p>\n","protected":false},"excerpt":{"rendered":"<p>Budapest, 30. Juni (MTI) \u201eUngarn sollte sich an einer europaweiten L\u00f6sung der Fl\u00fcchtlingskrise beteiligen, sagte die oppositionelle Egyutt-Partei am Dienstag, nachdem der Gesetzgeber eine \u00c4nderung zum Asylgesetz verabschiedet hatte. Egyutt-Abgeordnete Zsuzsanna Szelenyi kritisierte das Gesetz, das es der Regierung erlaubt, bestimmte L\u00e4nder f\u00fcr \u201esicher\u201d zu erkl\u00e4ren und die R\u00fcckf\u00fchrung von Fl\u00fcchtlingen dorthin zu erm\u00f6glichen, und [&hellip;]<\/p>\n","protected":false},"author":2,"featured_media":767093,"comment_status":"open","ping_status":"open","sticky":false,"template":"","format":"standard","meta":{"_acf_changed":false,"_display_image":"","footnotes":""},"categories":[1081],"tags":[1445],"class_list":["post-767092","post","type-post","status-publish","format-standard","has-post-thumbnail","hentry","category-politik","tag-migration"],"blocksy_meta":[],"acf":[],"author_username":"alk","telegram_post":"","public_post_metadata":{"breaking_news":"","important":"","csempe":"","center_tile":"","disable_thumbnail":"","target_lang":"","_featured_image_style":"","telegram_post":"","_xlat_group_id":""},"public_rank_math_data":{"title":"%title% %sep% %sitename%","description":"","focus_keyword":"","canonical_url":"","robots":"","primary_category":"1081","breadcrumb_title":"","facebook_title":"","facebook_description":"","facebook_image":"","facebook_image_id":"","twitter_title":"","twitter_description":"","twitter_image":"","twitter_image_id":"","twitter_card_type":"","twitter_use_facebook":"","advanced_robots":"","pillar_content":"","seo_score":"","contentai_score":"","rich_snippet":""},"_links":{"self":[{"href":"https:\/\/dailynewshungary.com\/de\/wp-json\/wp\/v2\/posts\/767092","targetHints":{"allow":["GET"]}}],"collection":[{"href":"https:\/\/dailynewshungary.com\/de\/wp-json\/wp\/v2\/posts"}],"about":[{"href":"https:\/\/dailynewshungary.com\/de\/wp-json\/wp\/v2\/types\/post"}],"author":[{"embeddable":true,"href":"https:\/\/dailynewshungary.com\/de\/wp-json\/wp\/v2\/users\/2"}],"replies":[{"embeddable":true,"href":"https:\/\/dailynewshungary.com\/de\/wp-json\/wp\/v2\/comments?post=767092"}],"version-history":[{"count":0,"href":"https:\/\/dailynewshungary.com\/de\/wp-json\/wp\/v2\/posts\/767092\/revisions"}],"wp:featuredmedia":[{"embeddable":true,"href":"https:\/\/dailynewshungary.com\/de\/wp-json\/wp\/v2\/media\/767093"}],"wp:attachment":[{"href":"https:\/\/dailynewshungary.com\/de\/wp-json\/wp\/v2\/media?parent=767092"}],"wp:term":[{"taxonomy":"category","embeddable":true,"href":"https:\/\/dailynewshungary.com\/de\/wp-json\/wp\/v2\/categories?post=767092"},{"taxonomy":"post_tag","embeddable":true,"href":"https:\/\/dailynewshungary.com\/de\/wp-json\/wp\/v2\/tags?post=767092"}],"curies":[{"name":"wp","href":"https:\/\/api.w.org\/{rel}","templated":true}]}}