{"id":767094,"date":"2015-06-30T19:00:18","date_gmt":"2015-06-30T17:00:18","guid":{"rendered":"https:\/\/dailynewshungary.com\/de\/investitionen-eu-finanziert-wachstumstreiber-sagt-wirtschaftsminister\/"},"modified":"2015-06-30T19:00:18","modified_gmt":"2015-06-30T17:00:18","slug":"investitionen-eu-finanziert-wachstumstreiber-sagt-wirtschaftsminister","status":"publish","type":"post","link":"https:\/\/dailynewshungary.com\/de\/investitionen-eu-finanziert-wachstumstreiber-sagt-wirtschaftsminister\/","title":{"rendered":"Investitionen, EU finanziert Wachstumstreiber, sagt Wirtschaftsminister"},"content":{"rendered":"<p><strong>Budapest, 30. Juni (MTI) (Investitionen, eine effizientere Verwendung von EU-Mitteln und die fortgesetzten Kreditprogramme der Regierung k\u00f6nnten die Triebkr\u00e4fte f\u00fcr das k\u00fcnftige Wirtschaftswachstum in Ungarn sein, sagte Wirtschaftsminister Mihaly Varga am Dienstag dem Wirtschaftsforum der Amerikanischen Kammer in Budapest.<\/strong><\/p>\n<p>Varga gab bekannt, dass die Regierung und AmCham aktiv nach M\u00f6glichkeiten suchen, die Zusammenarbeit zwischen dem Wirtschaftsministerium und der Kammer zu st\u00e4rken.<\/p>\n<p>Als Faktoren, die zum k\u00fcnftigen Wachstum beitragen k\u00f6nnten, nannte der Minister die wachsende Besch\u00e4ftigung, die Ausweitung der Exportm\u00e4rkte, die Verringerung des Verwaltungsaufwands und die Unterdr\u00fcckung der Schwarzwirtschaft.<\/p>\n<p>Varga bemerkte, dass die Ratingagenturen Ungarn k\u00fcrzlich h\u00f6here Ratings gaben und die Aussichten f\u00fcr die Wirtschaft zum ersten Mal seit 2011 auf \u201cpositiv\u201d erh\u00f6hten. Er sagte, die M\u00e4rkte h\u00e4tten nie an der ungarischen Wirtschaft gezweifelt, f\u00fcgte jedoch hinzu, dass es wichtig sei, die Ratingagenturen davon zu \u00fcberzeugen, dass das Land auf dem richtigen Weg sei.<\/p>\n<p>\u201cSkeptiker sagen, EU-Mittel seien der einzige Grund f\u00fcr Ungarns Wachstum, aber wenn das so w\u00e4re, m\u00fcssten 14-15 andere europ\u00e4ische Volkswirtschaften ebenfalls wachsen, was nicht der Fall ist\u201d, sagte Varga.<\/p>\n<p>Er sagte, die fiskalische und monet\u00e4re Verantwortung sei die Grundlage f\u00fcr das Wachstum Ungarns und f\u00fcgte hinzu, dass diese Grundlagen stabil seien.<\/p>\n<p>Varga sagte, obwohl die Investitionen wachsen, m\u00fcsse mehr getan werden, da die Regierung mehr ausl\u00e4ndische Investoren davon \u00fcberzeugen m\u00fcsse, dass \u201ces sich lohnt, in Ungarn zu investieren\u201d.<\/p>\n<p>Er sagte, Ungarn m\u00fcsse seine Exportm\u00e4rkte erweitern, indem es neue Industrien in Exportaktivit\u00e4ten einbeziehe. Als Beispiel verwies er auf die Automobilindustrie und warnte davor, dass die Wirtschaft anf\u00e4llig werden w\u00fcrde, wenn Ungarn seine gesamte Exportstrategie auf einer einzigen Branche basieren w\u00fcrde.<\/p>\n<p>Der Minister stellte fest, dass die USA Ungarns wichtigster Handelspartner au\u00dferhalb Europas seien, und wies darauf hin, dass die 1.750 US-Unternehmen, die in Ungarn Gesch\u00e4fte t\u00e4tigen, 9 Milliarden Dollar in das Land investiert h\u00e4tten. Er sagte, die Regierung habe strategische Partnerschaftsabkommen mit zehn amerikanischen Unternehmen unterzeichnet, die insgesamt 33.000 Mitarbeiter besch\u00e4ftigen.<\/p>\n<p>Zur Bew\u00e4ltigung der Schuldenkrise in Griechenland sagte Varga, Ungarn sei ihr nicht ausgesetzt und wies darauf hin, dass beispielsweise der Handel mit Griechenland etwa 0,4 Prozent des ungarischen Au\u00dfenhandelsumsatzes ausmache.<\/p>\n","protected":false},"excerpt":{"rendered":"<p>Budapest, 30. Juni (MTI) (Investitionen, eine effizientere Verwendung von EU-Mitteln und die fortgesetzten Kreditprogramme der Regierung k\u00f6nnten die Triebkr\u00e4fte f\u00fcr das k\u00fcnftige Wirtschaftswachstum in Ungarn sein, sagte Wirtschaftsminister Mihaly Varga am Dienstag dem Wirtschaftsforum der Amerikanischen Kammer in Budapest. Varga gab bekannt, dass die Regierung und AmCham aktiv nach M\u00f6glichkeiten suchen, die Zusammenarbeit zwischen dem [&hellip;]<\/p>\n","protected":false},"author":2,"featured_media":767095,"comment_status":"open","ping_status":"open","sticky":false,"template":"","format":"standard","meta":{"_acf_changed":false,"_display_image":"","footnotes":""},"categories":[1281],"tags":[1082,1104],"class_list":["post-767094","post","type-post","status-publish","format-standard","has-post-thumbnail","hentry","category-geschaft","tag-europaische-union","tag-wirtschaft"],"blocksy_meta":[],"acf":[],"author_username":"alk","telegram_post":"","public_post_metadata":{"breaking_news":"","important":"","csempe":"","center_tile":"","disable_thumbnail":"","target_lang":"","_featured_image_style":"","telegram_post":"","_xlat_group_id":""},"public_rank_math_data":{"title":"%title% %sep% %sitename%","description":"","focus_keyword":"","canonical_url":"","robots":"","primary_category":"1281","breadcrumb_title":"","facebook_title":"","facebook_description":"","facebook_image":"","facebook_image_id":"","twitter_title":"","twitter_description":"","twitter_image":"","twitter_image_id":"","twitter_card_type":"","twitter_use_facebook":"","advanced_robots":"","pillar_content":"","seo_score":"","contentai_score":"","rich_snippet":""},"_links":{"self":[{"href":"https:\/\/dailynewshungary.com\/de\/wp-json\/wp\/v2\/posts\/767094","targetHints":{"allow":["GET"]}}],"collection":[{"href":"https:\/\/dailynewshungary.com\/de\/wp-json\/wp\/v2\/posts"}],"about":[{"href":"https:\/\/dailynewshungary.com\/de\/wp-json\/wp\/v2\/types\/post"}],"author":[{"embeddable":true,"href":"https:\/\/dailynewshungary.com\/de\/wp-json\/wp\/v2\/users\/2"}],"replies":[{"embeddable":true,"href":"https:\/\/dailynewshungary.com\/de\/wp-json\/wp\/v2\/comments?post=767094"}],"version-history":[{"count":0,"href":"https:\/\/dailynewshungary.com\/de\/wp-json\/wp\/v2\/posts\/767094\/revisions"}],"wp:featuredmedia":[{"embeddable":true,"href":"https:\/\/dailynewshungary.com\/de\/wp-json\/wp\/v2\/media\/767095"}],"wp:attachment":[{"href":"https:\/\/dailynewshungary.com\/de\/wp-json\/wp\/v2\/media?parent=767094"}],"wp:term":[{"taxonomy":"category","embeddable":true,"href":"https:\/\/dailynewshungary.com\/de\/wp-json\/wp\/v2\/categories?post=767094"},{"taxonomy":"post_tag","embeddable":true,"href":"https:\/\/dailynewshungary.com\/de\/wp-json\/wp\/v2\/tags?post=767094"}],"curies":[{"name":"wp","href":"https:\/\/api.w.org\/{rel}","templated":true}]}}