{"id":767098,"date":"2015-06-30T17:41:07","date_gmt":"2015-06-30T15:41:07","guid":{"rendered":"https:\/\/dailynewshungary.com\/de\/parlt-verabschiedet-gesetzentwurf-der-eine-sichere-landerunterscheidung-im-asylrecht-erlaubt\/"},"modified":"2015-06-30T17:41:07","modified_gmt":"2015-06-30T15:41:07","slug":"parlt-verabschiedet-gesetzentwurf-der-eine-sichere-landerunterscheidung-im-asylrecht-erlaubt","status":"publish","type":"post","link":"https:\/\/dailynewshungary.com\/de\/parlt-verabschiedet-gesetzentwurf-der-eine-sichere-landerunterscheidung-im-asylrecht-erlaubt\/","title":{"rendered":"Parlt verabschiedet Gesetzentwurf, der eine \u201csichere\u201d L\u00e4nderunterscheidung im Asylrecht erlaubt"},"content":{"rendered":"<p><strong>Budapest, 30. Juni (MTI) \u201eDer Gesetzgeber hat am Dienstag einem Dekret zugestimmt, das die Regierung verpflichtet, \u201esichere\u201cL\u00e4nder zu identifizieren, aus denen Asylantr\u00e4ge abgelehnt werden.<\/strong><\/p>\n<p>Eine von der regierenden Fidesz vorgelegte \u00c4nderung des Asylgesetzes wurde mit 140 Ja-Stimmen und 14 Nein-Stimmen bei 27 Enthaltungen verabschiedetRegierende Parteien und radikal-nationalistische Jobbik-Partei stimmten daf\u00fcr, LMP und Unabh\u00e4ngige dagegen und sozialistische Gesetzgeber enthielten sich.<\/p>\n<p>Zur Unterst\u00fctzung des Antrags sagte Lajos Kosa vorhin, dass \u201cwenn jemand ein Fl\u00fcchtling ist, muss er an dem Ort anhalten, an dem sein Leben nicht mehr bedroht ist\u201d<\/p>\n<p><em>Foto: MTI<\/em><\/p>\n","protected":false},"excerpt":{"rendered":"<p>Budapest, 30. Juni (MTI) \u201eDer Gesetzgeber hat am Dienstag einem Dekret zugestimmt, das die Regierung verpflichtet, \u201esichere\u201cL\u00e4nder zu identifizieren, aus denen Asylantr\u00e4ge abgelehnt werden. Eine von der regierenden Fidesz vorgelegte \u00c4nderung des Asylgesetzes wurde mit 140 Ja-Stimmen und 14 Nein-Stimmen bei 27 Enthaltungen verabschiedetRegierende Parteien und radikal-nationalistische Jobbik-Partei stimmten daf\u00fcr, LMP und Unabh\u00e4ngige dagegen und [&hellip;]<\/p>\n","protected":false},"author":2,"featured_media":767099,"comment_status":"open","ping_status":"open","sticky":false,"template":"","format":"standard","meta":{"_acf_changed":false,"_display_image":"","footnotes":""},"categories":[1081],"tags":[1445],"class_list":["post-767098","post","type-post","status-publish","format-standard","has-post-thumbnail","hentry","category-politik","tag-migration"],"blocksy_meta":[],"acf":[],"author_username":"alk","telegram_post":"","public_post_metadata":{"breaking_news":"","important":"","csempe":"","center_tile":"","disable_thumbnail":"","target_lang":"","_featured_image_style":"","telegram_post":"","_xlat_group_id":""},"public_rank_math_data":{"title":"%title% %sep% %sitename%","description":"","focus_keyword":"","canonical_url":"","robots":"","primary_category":"1081","breadcrumb_title":"","facebook_title":"","facebook_description":"","facebook_image":"","facebook_image_id":"","twitter_title":"","twitter_description":"","twitter_image":"","twitter_image_id":"","twitter_card_type":"","twitter_use_facebook":"","advanced_robots":"","pillar_content":"","seo_score":"","contentai_score":"","rich_snippet":""},"_links":{"self":[{"href":"https:\/\/dailynewshungary.com\/de\/wp-json\/wp\/v2\/posts\/767098","targetHints":{"allow":["GET"]}}],"collection":[{"href":"https:\/\/dailynewshungary.com\/de\/wp-json\/wp\/v2\/posts"}],"about":[{"href":"https:\/\/dailynewshungary.com\/de\/wp-json\/wp\/v2\/types\/post"}],"author":[{"embeddable":true,"href":"https:\/\/dailynewshungary.com\/de\/wp-json\/wp\/v2\/users\/2"}],"replies":[{"embeddable":true,"href":"https:\/\/dailynewshungary.com\/de\/wp-json\/wp\/v2\/comments?post=767098"}],"version-history":[{"count":0,"href":"https:\/\/dailynewshungary.com\/de\/wp-json\/wp\/v2\/posts\/767098\/revisions"}],"wp:featuredmedia":[{"embeddable":true,"href":"https:\/\/dailynewshungary.com\/de\/wp-json\/wp\/v2\/media\/767099"}],"wp:attachment":[{"href":"https:\/\/dailynewshungary.com\/de\/wp-json\/wp\/v2\/media?parent=767098"}],"wp:term":[{"taxonomy":"category","embeddable":true,"href":"https:\/\/dailynewshungary.com\/de\/wp-json\/wp\/v2\/categories?post=767098"},{"taxonomy":"post_tag","embeddable":true,"href":"https:\/\/dailynewshungary.com\/de\/wp-json\/wp\/v2\/tags?post=767098"}],"curies":[{"name":"wp","href":"https:\/\/api.w.org\/{rel}","templated":true}]}}