{"id":767118,"date":"2015-06-29T22:55:13","date_gmt":"2015-06-29T20:55:13","guid":{"rendered":"https:\/\/dailynewshungary.com\/de\/eilmeldung-religioser-konflikt-der-angeblich-hinter-den-aufstanden-im-fluchtlingslager-debrecen-steckt\/"},"modified":"2015-06-29T22:55:13","modified_gmt":"2015-06-29T20:55:13","slug":"eilmeldung-religioser-konflikt-der-angeblich-hinter-den-aufstanden-im-fluchtlingslager-debrecen-steckt","status":"publish","type":"post","link":"https:\/\/dailynewshungary.com\/de\/eilmeldung-religioser-konflikt-der-angeblich-hinter-den-aufstanden-im-fluchtlingslager-debrecen-steckt\/","title":{"rendered":"EILMELDUNG \u2013 Religi\u00f6ser Konflikt, der angeblich hinter den Aufst\u00e4nden im Fl\u00fcchtlingslager Debrecen steckt"},"content":{"rendered":"<p><strong>Budapest, 29. Juni (MTI) \u2013 Ein Konflikt religi\u00f6ser Art zwischen zwei Fl\u00fcchtlingen im Lager Debrecen soll hinter der Auseinandersetzung gestanden haben, die sich am Montagnachmittag auf einer nahegelegenen Stra\u00dfe ereignete.<\/strong><\/p>\n<p>Etwa 100 Migranten, die sich im Fl\u00fcchtlingslager in Debrecen in Ostungarn aufhielten, begannen laut Augenzeugen, Steine auf vorbeifahrende Autos auf der Stra\u00dfe 471 zu werfen und mit St\u00f6cken auf die Fahrzeuge zu schlagen. Es gebe keine Berichte \u00fcber Verletzungen, sagte der \u00f6rtliche Korrespondent von MTI von der Website.<\/p>\n<p>Die Polizei erschien in Razzia-Ausr\u00fcstung und schaffte es, die Fl\u00fcchtlinge zur\u00fcck ins Lager zu treiben, hinter einen Zaun, wo sie in einer Schlange blieben, der Polizei gegen\u00fcberstanden und schrien, sagte der Korrespondent.<\/p>\n<p>Der Konflikt wurde nach 2,30 Uhr gewaltt\u00e4tig, als sich zwei Fl\u00fcchtlinge wegen religi\u00f6ser Angelegenheiten in Streit verwickelten, teilte die \u00f6rtliche Kreispolizei mitDer Streit wurde hitzig und \u201cHunderte andere\u201d schlossen sich an, darunter ein Mann, der angeblich \u201cseine F\u00fc\u00dfe auf den Koran gestempelt\u201d hatte, teilte die Polizei unter Berufung auf Augenzeugen mitEin anderer Zeuge sagte, ein Fl\u00fcchtling habe den Koran des anderen genommen, der 200 Euro enthielt, die sich zwischen den Seiten versteckt hatten.<\/p>\n<p>Polizeisprecherin Erika Demeter sagte, die Fl\u00fcchtlinge h\u00e4tten die nahegelegene Autobahn blockiert, M\u00fclltonnen angez\u00fcndet und Steine auf vorbeifahrende Autos geworfen. \u201eVoll 154 Polizisten wurden zum Gel\u00e4nde geschickt, hei\u00dft es in einer Polizeierkl\u00e4rung. Ein Polizist wurde von einem Stein getroffen und leicht verletzt, hei\u00dft es in der Erkl\u00e4rung.<\/p>\n<p>Die Polizei setzte Tr\u00e4nengas ein, um die Gruppe auseinanderzutreibenNiemand wurde verletzt, sagte DemeterEin Mann wurde festgenommen.<\/p>\n<p>Das Lager sei vor\u00fcbergehend abgeriegelt worden und Migranten d\u00fcrften nur das Gel\u00e4nde betreten, sagte der MTI-Korrespondent vom Gel\u00e4nde aus. Die Polizeipr\u00e4senz sei beim Lager weiterhin hoch, f\u00fcgte er hinzu.<\/p>\n<p>Debrecen kann diese Situation nicht akzeptieren, sagte Laszlo Papp, der \u00f6rtliche B\u00fcrgermeister, als er vor Ort ankam.<\/p>\n<p>\u201cEs war nur eine Frage der Zeit, dass ein Konflikt im \u00fcberf\u00fcllten Lager ausbrechen w\u00fcrde\u201d, sagte PappEr f\u00fcgte hinzu, dass er die Bem\u00fchungen der Regierung unterst\u00fctze, den Migrationszustrom mit \u201ceiner physischen Blockade\u201d an der Grenze zu stoppen.<\/p>\n<p>Der Regierungskommissar f\u00fcr den \u00f6rtlichen Landkreis Robert Racz sagte, dort seien am Montagmorgen 1.900 Menschen im Lager untergebracht, die Einrichtung habe jedoch nur eine Kapazit\u00e4t f\u00fcr 800 Personen. Er sagte, die Schlie\u00dfung des Lagers in Debrecen sei die langfristige L\u00f6sung.<\/p>\n<p>Drei Gesetzgeber f\u00fcr die Regierungsparteien, deren Wahlkreise in Debrecen liegen, sagten, \u201cUngarns Fl\u00fcchtlingslager sollten abgeriegelt werden, unabh\u00e4ngig davon, was die Europ\u00e4ische Union sagt\u201d und der Zustand vor 2012, dass Einwanderungsbeh\u00f6rden sie bewachen sollten, sollte wieder aufgenommen werden Die Idee der Linken, dass die Anzahl und Kapazit\u00e4t der Lager erh\u00f6ht werden sollte, \u201cwird nur zu kontinuierlichen Konflikten f\u00fchren\u201d, hei\u00dft es in der Erkl\u00e4rung von Laszlo Posan, Lajos Kosa und Laszlo Taso.<\/p>\n<p><em>Foto: MTI<\/em><\/p>\n","protected":false},"excerpt":{"rendered":"<p>Budapest, 29. Juni (MTI) \u2013 Ein Konflikt religi\u00f6ser Art zwischen zwei Fl\u00fcchtlingen im Lager Debrecen soll hinter der Auseinandersetzung gestanden haben, die sich am Montagnachmittag auf einer nahegelegenen Stra\u00dfe ereignete. Etwa 100 Migranten, die sich im Fl\u00fcchtlingslager in Debrecen in Ostungarn aufhielten, begannen laut Augenzeugen, Steine auf vorbeifahrende Autos auf der Stra\u00dfe 471 zu werfen [&hellip;]<\/p>\n","protected":false},"author":2,"featured_media":767119,"comment_status":"open","ping_status":"open","sticky":false,"template":"","format":"standard","meta":{"_acf_changed":false,"_display_image":"","footnotes":""},"categories":[1081],"tags":[1445,1236],"class_list":["post-767118","post","type-post","status-publish","format-standard","has-post-thumbnail","hentry","category-politik","tag-migration","tag-polizei"],"blocksy_meta":[],"acf":[],"author_username":"alk","telegram_post":"","public_post_metadata":{"breaking_news":"","important":"","csempe":"","center_tile":"","disable_thumbnail":"","target_lang":"","_featured_image_style":"","telegram_post":"","_xlat_group_id":""},"public_rank_math_data":{"title":"%title% %sep% %sitename%","description":"","focus_keyword":"","canonical_url":"","robots":"","primary_category":"1081","breadcrumb_title":"","facebook_title":"","facebook_description":"","facebook_image":"","facebook_image_id":"","twitter_title":"","twitter_description":"","twitter_image":"","twitter_image_id":"","twitter_card_type":"","twitter_use_facebook":"","advanced_robots":"","pillar_content":"","seo_score":"","contentai_score":"","rich_snippet":""},"_links":{"self":[{"href":"https:\/\/dailynewshungary.com\/de\/wp-json\/wp\/v2\/posts\/767118","targetHints":{"allow":["GET"]}}],"collection":[{"href":"https:\/\/dailynewshungary.com\/de\/wp-json\/wp\/v2\/posts"}],"about":[{"href":"https:\/\/dailynewshungary.com\/de\/wp-json\/wp\/v2\/types\/post"}],"author":[{"embeddable":true,"href":"https:\/\/dailynewshungary.com\/de\/wp-json\/wp\/v2\/users\/2"}],"replies":[{"embeddable":true,"href":"https:\/\/dailynewshungary.com\/de\/wp-json\/wp\/v2\/comments?post=767118"}],"version-history":[{"count":0,"href":"https:\/\/dailynewshungary.com\/de\/wp-json\/wp\/v2\/posts\/767118\/revisions"}],"wp:featuredmedia":[{"embeddable":true,"href":"https:\/\/dailynewshungary.com\/de\/wp-json\/wp\/v2\/media\/767119"}],"wp:attachment":[{"href":"https:\/\/dailynewshungary.com\/de\/wp-json\/wp\/v2\/media?parent=767118"}],"wp:term":[{"taxonomy":"category","embeddable":true,"href":"https:\/\/dailynewshungary.com\/de\/wp-json\/wp\/v2\/categories?post=767118"},{"taxonomy":"post_tag","embeddable":true,"href":"https:\/\/dailynewshungary.com\/de\/wp-json\/wp\/v2\/tags?post=767118"}],"curies":[{"name":"wp","href":"https:\/\/api.w.org\/{rel}","templated":true}]}}