{"id":767130,"date":"2015-06-29T16:33:45","date_gmt":"2015-06-29T14:33:45","guid":{"rendered":"https:\/\/dailynewshungary.com\/de\/varga-die-griechische-krise-wird-nur-geringe-auswirkungen-auf-die-ungarische-wirtschaft-haben\/"},"modified":"2015-06-29T16:33:45","modified_gmt":"2015-06-29T14:33:45","slug":"varga-die-griechische-krise-wird-nur-geringe-auswirkungen-auf-die-ungarische-wirtschaft-haben","status":"publish","type":"post","link":"https:\/\/dailynewshungary.com\/de\/varga-die-griechische-krise-wird-nur-geringe-auswirkungen-auf-die-ungarische-wirtschaft-haben\/","title":{"rendered":"Varga: Die griechische Krise wird nur geringe Auswirkungen auf die ungarische Wirtschaft haben"},"content":{"rendered":"<p><strong>Budapest, 29. Juni (MTI) \u2013 Die griechische Finanzkrise wird nur geringe Auswirkungen auf Ungarns Wirtschaft haben, sagte Ungarns Wirtschaftsminister am Montag.<\/strong><\/p>\n<p>Im Gespr\u00e4ch mit Journalisten im Ministerium bei einer Preisverleihung f\u00fcr Unternehmer sagte Mihaly Varga, die Auswirkungen des griechischen Bankensektors auf den ungarischen seien \u201cminimal\u201d.<\/p>\n<p>Zwei Effekte m\u00fcssten beobachtet werden, sagte er: der Wechselkurs und die Anleiherenditen In den vergangenen Wochen habe der Markt in der Griechenlandkrise gepreist, sagte VargaWas den Anleihemarkt betrifft, f\u00fcgte er hinzu, dass es m\u00f6glicherweise so sei, dass Investoren aus Randl\u00e4ndern in sichereres Gebiet ziehen, Ungarn aber wahrscheinlich keine drastischen Ver\u00e4nderungen erleiden werde.<\/p>\n<p><em>Foto: MTI<\/em><\/p>\n","protected":false},"excerpt":{"rendered":"<p>Budapest, 29. Juni (MTI) \u2013 Die griechische Finanzkrise wird nur geringe Auswirkungen auf Ungarns Wirtschaft haben, sagte Ungarns Wirtschaftsminister am Montag. Im Gespr\u00e4ch mit Journalisten im Ministerium bei einer Preisverleihung f\u00fcr Unternehmer sagte Mihaly Varga, die Auswirkungen des griechischen Bankensektors auf den ungarischen seien \u201cminimal\u201d. Zwei Effekte m\u00fcssten beobachtet werden, sagte er: der Wechselkurs und [&hellip;]<\/p>\n","protected":false},"author":2,"featured_media":767131,"comment_status":"open","ping_status":"open","sticky":false,"template":"","format":"standard","meta":{"_acf_changed":false,"_display_image":"","footnotes":""},"categories":[1281],"tags":[1082,1104],"class_list":["post-767130","post","type-post","status-publish","format-standard","has-post-thumbnail","hentry","category-geschaft","tag-europaische-union","tag-wirtschaft"],"blocksy_meta":[],"acf":[],"author_username":"alk","telegram_post":"","public_post_metadata":{"breaking_news":"","important":"","csempe":"","center_tile":"","disable_thumbnail":"","target_lang":"","_featured_image_style":"","telegram_post":"","_xlat_group_id":""},"public_rank_math_data":{"title":"%title% %sep% %sitename%","description":"","focus_keyword":"","canonical_url":"","robots":"","primary_category":"1281","breadcrumb_title":"","facebook_title":"","facebook_description":"","facebook_image":"","facebook_image_id":"","twitter_title":"","twitter_description":"","twitter_image":"","twitter_image_id":"","twitter_card_type":"","twitter_use_facebook":"","advanced_robots":"","pillar_content":"","seo_score":"","contentai_score":"","rich_snippet":""},"_links":{"self":[{"href":"https:\/\/dailynewshungary.com\/de\/wp-json\/wp\/v2\/posts\/767130","targetHints":{"allow":["GET"]}}],"collection":[{"href":"https:\/\/dailynewshungary.com\/de\/wp-json\/wp\/v2\/posts"}],"about":[{"href":"https:\/\/dailynewshungary.com\/de\/wp-json\/wp\/v2\/types\/post"}],"author":[{"embeddable":true,"href":"https:\/\/dailynewshungary.com\/de\/wp-json\/wp\/v2\/users\/2"}],"replies":[{"embeddable":true,"href":"https:\/\/dailynewshungary.com\/de\/wp-json\/wp\/v2\/comments?post=767130"}],"version-history":[{"count":0,"href":"https:\/\/dailynewshungary.com\/de\/wp-json\/wp\/v2\/posts\/767130\/revisions"}],"wp:featuredmedia":[{"embeddable":true,"href":"https:\/\/dailynewshungary.com\/de\/wp-json\/wp\/v2\/media\/767131"}],"wp:attachment":[{"href":"https:\/\/dailynewshungary.com\/de\/wp-json\/wp\/v2\/media?parent=767130"}],"wp:term":[{"taxonomy":"category","embeddable":true,"href":"https:\/\/dailynewshungary.com\/de\/wp-json\/wp\/v2\/categories?post=767130"},{"taxonomy":"post_tag","embeddable":true,"href":"https:\/\/dailynewshungary.com\/de\/wp-json\/wp\/v2\/tags?post=767130"}],"curies":[{"name":"wp","href":"https:\/\/api.w.org\/{rel}","templated":true}]}}