{"id":767140,"date":"2015-06-29T08:53:04","date_gmt":"2015-06-29T06:53:04","guid":{"rendered":"https:\/\/dailynewshungary.com\/de\/sudliche-regionen-sind-nicht-in-der-lage-mit-migranten-zurechtzukommen-sagt-burgermeister\/"},"modified":"2015-06-29T08:53:04","modified_gmt":"2015-06-29T06:53:04","slug":"sudliche-regionen-sind-nicht-in-der-lage-mit-migranten-zurechtzukommen-sagt-burgermeister","status":"publish","type":"post","link":"https:\/\/dailynewshungary.com\/de\/sudliche-regionen-sind-nicht-in-der-lage-mit-migranten-zurechtzukommen-sagt-burgermeister\/","title":{"rendered":"S\u00fcdliche Regionen sind nicht in der Lage, mit Migranten zurechtzukommen, sagt B\u00fcrgermeister"},"content":{"rendered":"<p><strong>Budapest (MTI) \u2013 Tausende illegale Einreisende kommen an einem anstrengenden Tag in Ungarn an und die Einheimischen sind am Ende ihrer Kr\u00e4fte, sagte der B\u00fcrgermeister von Morahalom nahe der ungarischen Grenze zu Serbien am Sonntag.<\/strong><\/p>\n<p>Anwohner, die \u201ean der Front der illegalen Migration leben, haben den Bed\u00fcrftigen nie Hilfe verweigert\u201csagte B\u00fcrgermeister Zoltan Nogradi (Fidesz) auf einer Pressekonferenz. \u201eAber die T\u00fcren Europas stehen weit offen und infolgedessen str\u00f6men illegale Einwanderer ohne jegliche Kontrolle oder Regulierung in Richtung des inneren Kontinents, sagte er. Er kritisierte Laszlo Botka, den sozialistischen B\u00fcrgermeister von Szeged, daf\u00fcr, dass er k\u00fcrzlich kommentierte, dass die moderne Migration seiner Stadt und Region keine Probleme bereitete.<\/p>\n<p>Am Samstag sagte Zoltan Tessely, Abgeordneter des Wahlkreises Bicske, dem Standort von Ungarns zweitgr\u00f6\u00dftem Fl\u00fcchtlingslager westlich von Budapest, dass die Anwohner die Regeln von vor 2012 wiederherstellen und die Bewegung von Migranten durch die Abriegelung der Lager einschr\u00e4nken wollen. Tessely (Fidesz) sagte, die Regierung solle neben dem geplanten Zaun an der Grenze die Ma\u00dfnahmen zur illegalen Migration weiter versch\u00e4rfen, was die Bewohner von Bicske begr\u00fc\u00dfen.<\/p>\n<p>Insgesamt 645 illegale Einreisende, darunter 106 Kinder, seien am Samstag an der Grenze in S\u00fcdungarn angehalten worden, sagte ein \u00f6rtlicher Polizeisprecher.<\/p>\n<p><em>Foto: MTI<\/em><\/p>\n","protected":false},"excerpt":{"rendered":"<p>Budapest (MTI) \u2013 Tausende illegale Einreisende kommen an einem anstrengenden Tag in Ungarn an und die Einheimischen sind am Ende ihrer Kr\u00e4fte, sagte der B\u00fcrgermeister von Morahalom nahe der ungarischen Grenze zu Serbien am Sonntag. Anwohner, die \u201ean der Front der illegalen Migration leben, haben den Bed\u00fcrftigen nie Hilfe verweigert\u201csagte B\u00fcrgermeister Zoltan Nogradi (Fidesz) auf [&hellip;]<\/p>\n","protected":false},"author":2,"featured_media":767141,"comment_status":"open","ping_status":"open","sticky":false,"template":"","format":"standard","meta":{"_acf_changed":false,"_display_image":"","footnotes":""},"categories":[1081],"tags":[1445],"class_list":["post-767140","post","type-post","status-publish","format-standard","has-post-thumbnail","hentry","category-politik","tag-migration"],"blocksy_meta":[],"acf":[],"author_username":"alk","telegram_post":"","public_post_metadata":{"breaking_news":"","important":"","csempe":"","center_tile":"","disable_thumbnail":"","target_lang":"","_featured_image_style":"","telegram_post":"","_xlat_group_id":""},"public_rank_math_data":{"title":"%title% %sep% %sitename%","description":"","focus_keyword":"","canonical_url":"","robots":"","primary_category":"1081","breadcrumb_title":"","facebook_title":"","facebook_description":"","facebook_image":"","facebook_image_id":"","twitter_title":"","twitter_description":"","twitter_image":"","twitter_image_id":"","twitter_card_type":"","twitter_use_facebook":"","advanced_robots":"","pillar_content":"","seo_score":"","contentai_score":"","rich_snippet":""},"_links":{"self":[{"href":"https:\/\/dailynewshungary.com\/de\/wp-json\/wp\/v2\/posts\/767140","targetHints":{"allow":["GET"]}}],"collection":[{"href":"https:\/\/dailynewshungary.com\/de\/wp-json\/wp\/v2\/posts"}],"about":[{"href":"https:\/\/dailynewshungary.com\/de\/wp-json\/wp\/v2\/types\/post"}],"author":[{"embeddable":true,"href":"https:\/\/dailynewshungary.com\/de\/wp-json\/wp\/v2\/users\/2"}],"replies":[{"embeddable":true,"href":"https:\/\/dailynewshungary.com\/de\/wp-json\/wp\/v2\/comments?post=767140"}],"version-history":[{"count":0,"href":"https:\/\/dailynewshungary.com\/de\/wp-json\/wp\/v2\/posts\/767140\/revisions"}],"wp:featuredmedia":[{"embeddable":true,"href":"https:\/\/dailynewshungary.com\/de\/wp-json\/wp\/v2\/media\/767141"}],"wp:attachment":[{"href":"https:\/\/dailynewshungary.com\/de\/wp-json\/wp\/v2\/media?parent=767140"}],"wp:term":[{"taxonomy":"category","embeddable":true,"href":"https:\/\/dailynewshungary.com\/de\/wp-json\/wp\/v2\/categories?post=767140"},{"taxonomy":"post_tag","embeddable":true,"href":"https:\/\/dailynewshungary.com\/de\/wp-json\/wp\/v2\/tags?post=767140"}],"curies":[{"name":"wp","href":"https:\/\/api.w.org\/{rel}","templated":true}]}}