{"id":767175,"date":"2015-06-26T12:00:28","date_gmt":"2015-06-26T10:00:28","guid":{"rendered":"https:\/\/dailynewshungary.com\/de\/who-beamter-warnt-vor-epidemie-aufgrund-illegaler-migranten\/"},"modified":"2015-06-26T12:00:28","modified_gmt":"2015-06-26T10:00:28","slug":"who-beamter-warnt-vor-epidemie-aufgrund-illegaler-migranten","status":"publish","type":"post","link":"https:\/\/dailynewshungary.com\/de\/who-beamter-warnt-vor-epidemie-aufgrund-illegaler-migranten\/","title":{"rendered":"WHO-Beamter warnt vor Epidemie aufgrund illegaler Migranten"},"content":{"rendered":"<p><strong>Budapest, 26. Juni (MTI) \u2013 Das Massenauftreten illegaler Migranten in Ungarn k\u00f6nnte eine Quelle von Epidemien sein, sagte der europ\u00e4ische Regionaldirektor der Weltgesundheitsorganisation.<\/strong><\/p>\n<p>In einem Interview mit der Tageszeitung Napi Gazdasag am Freitag sagte Zsuzsanna Jakab, dass die Pr\u00e4valenz von Infektionskrankheiten in Europa dank Impfungen gegen Krankheiten wie Polio, die \u201ein einigen L\u00e4ndern des Nahen Ostens immer noch endemisch ist\u201cseit langem niedrig sei.<\/p>\n<p>Sie sagte, es sei unwahrscheinlich, dass Migranten Viren wie Ebola oder SARS mitbringen w\u00fcrden, da diese nicht aus Gebieten k\u00e4men, in denen diese weit verbreitet seien. Dennoch halte die europ\u00e4ische Zentrale der WHO engen Kontakt zu ihren B\u00fcros in Afrika und im Nahen Osten, um jede Ausbreitung von Infektionskrankheiten zu blockieren, sagte sie.<\/p>\n<p>Die gesundheitlichen Aspekte illegaler Migration w\u00fcrden ein hervorgehobenes Thema auf einer von der WHO im September organisierten Ministerkonferenz sein, f\u00fcgte Jakab hinzu.<\/p>\n<p><em>Foto:&nbsp;<a class=\"irc_hl irc_hol\" href=\"http:\/\/www.alzheimer-belgium.be\/\" data-noload=\"\" target=\"_blank\" rel=\"noopener\"><span class=\"irc_ho\" dir=\"ltr\">www.alzheimer-belgium.be<\/span><\/a><\/em><\/p>\n","protected":false},"excerpt":{"rendered":"<p>Budapest, 26. Juni (MTI) \u2013 Das Massenauftreten illegaler Migranten in Ungarn k\u00f6nnte eine Quelle von Epidemien sein, sagte der europ\u00e4ische Regionaldirektor der Weltgesundheitsorganisation. In einem Interview mit der Tageszeitung Napi Gazdasag am Freitag sagte Zsuzsanna Jakab, dass die Pr\u00e4valenz von Infektionskrankheiten in Europa dank Impfungen gegen Krankheiten wie Polio, die \u201ein einigen L\u00e4ndern des Nahen [&hellip;]<\/p>\n","protected":false},"author":2,"featured_media":767176,"comment_status":"open","ping_status":"open","sticky":false,"template":"","format":"standard","meta":{"_acf_changed":false,"_display_image":"","footnotes":""},"categories":[1081],"tags":[1445,1721],"class_list":["post-767175","post","type-post","status-publish","format-standard","has-post-thumbnail","hentry","category-politik","tag-migration","tag-wer"],"blocksy_meta":[],"acf":[],"author_username":"alk","telegram_post":"","public_post_metadata":{"breaking_news":"","important":"","csempe":"","center_tile":"","disable_thumbnail":"","target_lang":"","_featured_image_style":"","telegram_post":"","_xlat_group_id":""},"public_rank_math_data":{"title":"%title% %sep% %sitename%","description":"","focus_keyword":"","canonical_url":"","robots":"","primary_category":"1081","breadcrumb_title":"","facebook_title":"","facebook_description":"","facebook_image":"","facebook_image_id":"","twitter_title":"","twitter_description":"","twitter_image":"","twitter_image_id":"","twitter_card_type":"","twitter_use_facebook":"","advanced_robots":"","pillar_content":"","seo_score":"","contentai_score":"","rich_snippet":""},"_links":{"self":[{"href":"https:\/\/dailynewshungary.com\/de\/wp-json\/wp\/v2\/posts\/767175","targetHints":{"allow":["GET"]}}],"collection":[{"href":"https:\/\/dailynewshungary.com\/de\/wp-json\/wp\/v2\/posts"}],"about":[{"href":"https:\/\/dailynewshungary.com\/de\/wp-json\/wp\/v2\/types\/post"}],"author":[{"embeddable":true,"href":"https:\/\/dailynewshungary.com\/de\/wp-json\/wp\/v2\/users\/2"}],"replies":[{"embeddable":true,"href":"https:\/\/dailynewshungary.com\/de\/wp-json\/wp\/v2\/comments?post=767175"}],"version-history":[{"count":0,"href":"https:\/\/dailynewshungary.com\/de\/wp-json\/wp\/v2\/posts\/767175\/revisions"}],"wp:featuredmedia":[{"embeddable":true,"href":"https:\/\/dailynewshungary.com\/de\/wp-json\/wp\/v2\/media\/767176"}],"wp:attachment":[{"href":"https:\/\/dailynewshungary.com\/de\/wp-json\/wp\/v2\/media?parent=767175"}],"wp:term":[{"taxonomy":"category","embeddable":true,"href":"https:\/\/dailynewshungary.com\/de\/wp-json\/wp\/v2\/categories?post=767175"},{"taxonomy":"post_tag","embeddable":true,"href":"https:\/\/dailynewshungary.com\/de\/wp-json\/wp\/v2\/tags?post=767175"}],"curies":[{"name":"wp","href":"https:\/\/api.w.org\/{rel}","templated":true}]}}