{"id":767183,"date":"2015-06-26T08:00:18","date_gmt":"2015-06-26T06:00:18","guid":{"rendered":"https:\/\/dailynewshungary.com\/de\/einwohner-von-debrecen-protestieren-gegen-einwandererzentrum\/"},"modified":"2015-06-26T08:00:18","modified_gmt":"2015-06-26T06:00:18","slug":"einwohner-von-debrecen-protestieren-gegen-einwandererzentrum","status":"publish","type":"post","link":"https:\/\/dailynewshungary.com\/de\/einwohner-von-debrecen-protestieren-gegen-einwandererzentrum\/","title":{"rendered":"Einwohner von Debrecen protestieren gegen Einwandererzentrum"},"content":{"rendered":"<p><strong>Budapest (MTI) \u201eAuch rund 200 Menschen versammelten sich am Donnerstagabend in Debrecen in Ostungarn und marschierten zu einem \u00f6rtlichen Aufnahmezentrum f\u00fcr Einwanderer, um ihre Solidarit\u00e4t mit den \u201eBewohnern zu zeigen, die in der N\u00e4he der Einrichtung leben\u201c\u201d.<\/strong><\/p>\n<p>Gergo Keresztesy, einer der Organisatoren der Veranstaltung, sagte, es sei an der Zeit, \u201eWorte durch Taten zu ersetzen\u201cEr nannte es inakzeptabel, dass die Einheimischen nicht dar\u00fcber informiert werden, wer im Zentrum lebt, und dass die Menschen aus der Einrichtung \u201eohne Ausweis in der Stadt herumlaufen k\u00f6nnen\u201d. Demonstranten forderten die Schlie\u00dfung des Fl\u00fcchtlingszentrums.<\/p>\n<p>Viktor Papp, ein Gemeinderat, der an der Veranstaltung teilnahm, sagte dem MTI-Korrespondenten, dass die Einheimischen zwar gerne die Schlie\u00dfung der Einrichtung sehen w\u00fcrden, dies jedoch nicht nach europ\u00e4ischen Vorschriften m\u00f6glich sei. Er f\u00fcgte hinzu, dass das Problem der Regierung gemeldet worden sei und die Polizei st\u00e4ndig in der Gegend um das Zentrum patrouilliere.<\/p>\n<p>Das f\u00fcr 830 Personen konzipierte Debrecen-Zentrum beherbergt derzeit 1.600 Fl\u00fcchtlinge, sagte Zsolt Harhai, ein regionaler Leiter der Einwanderungsbeh\u00f6rde, bei der Veranstaltung gegen\u00fcber MTI.<\/p>\n<p><em>Foto: MTI<\/em><\/p>\n","protected":false},"excerpt":{"rendered":"<p>Budapest (MTI) \u201eAuch rund 200 Menschen versammelten sich am Donnerstagabend in Debrecen in Ostungarn und marschierten zu einem \u00f6rtlichen Aufnahmezentrum f\u00fcr Einwanderer, um ihre Solidarit\u00e4t mit den \u201eBewohnern zu zeigen, die in der N\u00e4he der Einrichtung leben\u201c\u201d. Gergo Keresztesy, einer der Organisatoren der Veranstaltung, sagte, es sei an der Zeit, \u201eWorte durch Taten zu ersetzen\u201cEr [&hellip;]<\/p>\n","protected":false},"author":2,"featured_media":767184,"comment_status":"open","ping_status":"open","sticky":false,"template":"","format":"standard","meta":{"_acf_changed":false,"_display_image":"","footnotes":""},"categories":[1081],"tags":[1445],"class_list":["post-767183","post","type-post","status-publish","format-standard","has-post-thumbnail","hentry","category-politik","tag-migration"],"blocksy_meta":[],"acf":[],"author_username":"alk","telegram_post":"","public_post_metadata":{"breaking_news":"","important":"","csempe":"","center_tile":"","disable_thumbnail":"","target_lang":"","_featured_image_style":"","telegram_post":"","_xlat_group_id":""},"public_rank_math_data":{"title":"%title% %sep% %sitename%","description":"","focus_keyword":"","canonical_url":"","robots":"","primary_category":"1081","breadcrumb_title":"","facebook_title":"","facebook_description":"","facebook_image":"","facebook_image_id":"","twitter_title":"","twitter_description":"","twitter_image":"","twitter_image_id":"","twitter_card_type":"","twitter_use_facebook":"","advanced_robots":"","pillar_content":"","seo_score":"","contentai_score":"","rich_snippet":""},"_links":{"self":[{"href":"https:\/\/dailynewshungary.com\/de\/wp-json\/wp\/v2\/posts\/767183","targetHints":{"allow":["GET"]}}],"collection":[{"href":"https:\/\/dailynewshungary.com\/de\/wp-json\/wp\/v2\/posts"}],"about":[{"href":"https:\/\/dailynewshungary.com\/de\/wp-json\/wp\/v2\/types\/post"}],"author":[{"embeddable":true,"href":"https:\/\/dailynewshungary.com\/de\/wp-json\/wp\/v2\/users\/2"}],"replies":[{"embeddable":true,"href":"https:\/\/dailynewshungary.com\/de\/wp-json\/wp\/v2\/comments?post=767183"}],"version-history":[{"count":0,"href":"https:\/\/dailynewshungary.com\/de\/wp-json\/wp\/v2\/posts\/767183\/revisions"}],"wp:featuredmedia":[{"embeddable":true,"href":"https:\/\/dailynewshungary.com\/de\/wp-json\/wp\/v2\/media\/767184"}],"wp:attachment":[{"href":"https:\/\/dailynewshungary.com\/de\/wp-json\/wp\/v2\/media?parent=767183"}],"wp:term":[{"taxonomy":"category","embeddable":true,"href":"https:\/\/dailynewshungary.com\/de\/wp-json\/wp\/v2\/categories?post=767183"},{"taxonomy":"post_tag","embeddable":true,"href":"https:\/\/dailynewshungary.com\/de\/wp-json\/wp\/v2\/tags?post=767183"}],"curies":[{"name":"wp","href":"https:\/\/api.w.org\/{rel}","templated":true}]}}