{"id":767189,"date":"2015-06-25T21:00:15","date_gmt":"2015-06-25T19:00:15","guid":{"rendered":"https:\/\/dailynewshungary.com\/de\/regierung-ungarn-plant-einheitliche-verpackungen-fur-tabakwaren\/"},"modified":"2015-06-25T21:00:15","modified_gmt":"2015-06-25T19:00:15","slug":"regierung-ungarn-plant-einheitliche-verpackungen-fur-tabakwaren","status":"publish","type":"post","link":"https:\/\/dailynewshungary.com\/de\/regierung-ungarn-plant-einheitliche-verpackungen-fur-tabakwaren\/","title":{"rendered":"Regierung: Ungarn plant einheitliche Verpackungen f\u00fcr Tabakwaren"},"content":{"rendered":"<p><strong>Budapest, 25. Juni (MTI) \u2013 Die Regierung plane die Einf\u00fchrung einheitlicher Verpackungen f\u00fcr Tabakerzeugnisse, sagte der Leiter des Regierungsb\u00fcros am Donnerstag.<\/strong><\/p>\n<p>Bei einer regelm\u00e4\u00dfigen Pressekonferenz der Regierung sagte Janos Lazar, die Ma\u00dfnahme ziele darauf ab, sicherzustellen, dass \u201cjedes Tabakprodukt das gleiche Aussehen hat, so dass kein Raum f\u00fcr Werbung bleibt\u201d Er sagte, die gleiche Ma\u00dfnahme habe in Australien funktioniert, und Frankreich und Irland gr\u00fcbelten \u00fcber den gleichen Schritt.<\/p>\n<p>Ein entsprechender Vorschlag werde im Herbst dem Parlament vorgelegt, sagte Lazar.<\/p>\n<p>Die Pl\u00e4ne der Regierung, in Budapest ein neues Krankenhaus zu bauen, k\u00f6nnten aus der Sondersteuer finanziert werden, die von Tabakunternehmen erhoben wird, sagte der Kabinettschef.<\/p>\n","protected":false},"excerpt":{"rendered":"<p>Budapest, 25. Juni (MTI) \u2013 Die Regierung plane die Einf\u00fchrung einheitlicher Verpackungen f\u00fcr Tabakerzeugnisse, sagte der Leiter des Regierungsb\u00fcros am Donnerstag. Bei einer regelm\u00e4\u00dfigen Pressekonferenz der Regierung sagte Janos Lazar, die Ma\u00dfnahme ziele darauf ab, sicherzustellen, dass \u201cjedes Tabakprodukt das gleiche Aussehen hat, so dass kein Raum f\u00fcr Werbung bleibt\u201d Er sagte, die gleiche Ma\u00dfnahme [&hellip;]<\/p>\n","protected":false},"author":2,"featured_media":767190,"comment_status":"open","ping_status":"open","sticky":false,"template":"","format":"standard","meta":{"_acf_changed":false,"_display_image":"","footnotes":""},"categories":[1281],"tags":[1066],"class_list":["post-767189","post","type-post","status-publish","format-standard","has-post-thumbnail","hentry","category-geschaft","tag-hungary"],"blocksy_meta":[],"acf":[],"author_username":"alk","telegram_post":"","public_post_metadata":{"breaking_news":"","important":"","csempe":"","center_tile":"","disable_thumbnail":"","target_lang":"","_featured_image_style":"","telegram_post":"","_xlat_group_id":""},"public_rank_math_data":{"title":"%title% %sep% %sitename%","description":"","focus_keyword":"","canonical_url":"","robots":"","primary_category":"1281","breadcrumb_title":"","facebook_title":"","facebook_description":"","facebook_image":"","facebook_image_id":"","twitter_title":"","twitter_description":"","twitter_image":"","twitter_image_id":"","twitter_card_type":"","twitter_use_facebook":"","advanced_robots":"","pillar_content":"","seo_score":"","contentai_score":"","rich_snippet":""},"_links":{"self":[{"href":"https:\/\/dailynewshungary.com\/de\/wp-json\/wp\/v2\/posts\/767189","targetHints":{"allow":["GET"]}}],"collection":[{"href":"https:\/\/dailynewshungary.com\/de\/wp-json\/wp\/v2\/posts"}],"about":[{"href":"https:\/\/dailynewshungary.com\/de\/wp-json\/wp\/v2\/types\/post"}],"author":[{"embeddable":true,"href":"https:\/\/dailynewshungary.com\/de\/wp-json\/wp\/v2\/users\/2"}],"replies":[{"embeddable":true,"href":"https:\/\/dailynewshungary.com\/de\/wp-json\/wp\/v2\/comments?post=767189"}],"version-history":[{"count":0,"href":"https:\/\/dailynewshungary.com\/de\/wp-json\/wp\/v2\/posts\/767189\/revisions"}],"wp:featuredmedia":[{"embeddable":true,"href":"https:\/\/dailynewshungary.com\/de\/wp-json\/wp\/v2\/media\/767190"}],"wp:attachment":[{"href":"https:\/\/dailynewshungary.com\/de\/wp-json\/wp\/v2\/media?parent=767189"}],"wp:term":[{"taxonomy":"category","embeddable":true,"href":"https:\/\/dailynewshungary.com\/de\/wp-json\/wp\/v2\/categories?post=767189"},{"taxonomy":"post_tag","embeddable":true,"href":"https:\/\/dailynewshungary.com\/de\/wp-json\/wp\/v2\/tags?post=767189"}],"curies":[{"name":"wp","href":"https:\/\/api.w.org\/{rel}","templated":true}]}}