{"id":767191,"date":"2015-06-25T20:00:57","date_gmt":"2015-06-25T18:00:57","guid":{"rendered":"https:\/\/dailynewshungary.com\/de\/lazar-ungarn-bittet-europa-um-hilfe\/"},"modified":"2015-06-25T20:00:57","modified_gmt":"2015-06-25T18:00:57","slug":"lazar-ungarn-bittet-europa-um-hilfe","status":"publish","type":"post","link":"https:\/\/dailynewshungary.com\/de\/lazar-ungarn-bittet-europa-um-hilfe\/","title":{"rendered":"Lazar: Ungarn bittet Europa um Hilfe"},"content":{"rendered":"<p><strong>Budapest, 25. Juni (MTI) 25. Juni &#8211; Premierminister Viktor Orban hat Briefe an die Leiter der Europ\u00e4ischen Kommission und des Europ\u00e4ischen Parlaments zum Thema illegale Migration geschrieben, n\u00e4mlich zum Thema der R\u00fcckf\u00fchrung von Migranten an ihren ersten EU-Einreisepunkt, sagte der Regierungschef am Donnerstag.<\/strong><\/p>\n<p>Bei einer regelm\u00e4\u00dfigen Pressekonferenz der Regierung sagte Janos Lazar, dass auf der Grundlage der neuesten Daten in den ersten Phasen 16.000 Nicht-EU-Migranten aus anderen EU-Mitgliedstaaten nach Ungarn zur\u00fcckgeschickt w\u00fcrden Ungarn w\u00e4re nicht in der Lage, sie aufzunehmen, sagte er und f\u00fcgte hinzu, dass Berechnungen des ungarischen Innenministeriums darauf hindeuten, dass diese Zahl in der zweiten Jahresh\u00e4lfte auf bis zu 200.000 ansteigen k\u00f6nnte.<\/p>\n<p>Die Regierung bestreite die Gr\u00fcnde f\u00fcr die Entsendung dieser Migranten nach Ungarn, da sie offenbar zum ersten Mal in Griechenland in die EU eingereist seien, sagte erDa sollten sie zur\u00fcckgeschickt werden, sagte er.<\/p>\n<p>Die Migrationsfrage wird auch bei einer bevorstehenden gemeinsamen Regierungssitzung Serbien-Ungarns am 1. Juli von zentraler Bedeutung sein. Die serbisch-ungarischen Beziehungen haben sich in den letzten Jahren erheblich verbessert, und es liegt im Interesse der ungarischen Regierung, dass dies auch so bleiben sollte, sagte Lazar.<\/p>\n<p>Bez\u00fcglich der Pl\u00e4ne, einen Zaun entlang der Grenze zwischen Ungarn und Serbien zu errichten, sagte Lazar, die Regierung sei entschlossen, die \u201evor\u00fcbergehende\u201cTeilung abzuschlie\u00dfen, f\u00fcgte jedoch hinzu, dass das Kabinett offen sei, das Thema n\u00e4chste Woche auf einer zwischenstaatlichen Sitzung mit Serbien zu diskutieren.<\/p>\n<p>Die Regierung werde \u00c4nderungsgesetze bez\u00fcglich der Grenzen Ungarns vorschlagen, um Fragen des Eigentums und der Nutzung der entsprechenden Gebiete zu regeln, sagte LazarEr f\u00fcgte hinzu, dass die Gesamtfl\u00e4che etwa 5.000 Hektar betrug, von denen ein Drittel in Staatsbesitz und der Rest privat sei. Was Letzteres betrifft, so \u201ewird der Staat \u201ezahlen\u201csagte er\u201d.<\/p>\n<p>Lazar sagte, er vertraue darauf, dass der 175 km lange und 4 Meter hohe Zaun sicherstellen w\u00fcrde, dass alle Grenz\u00fcberg\u00e4nge legitim seien.<\/p>\n<p><em>Foto: MTI<\/em><\/p>\n","protected":false},"excerpt":{"rendered":"<p>Budapest, 25. Juni (MTI) 25. Juni &#8211; Premierminister Viktor Orban hat Briefe an die Leiter der Europ\u00e4ischen Kommission und des Europ\u00e4ischen Parlaments zum Thema illegale Migration geschrieben, n\u00e4mlich zum Thema der R\u00fcckf\u00fchrung von Migranten an ihren ersten EU-Einreisepunkt, sagte der Regierungschef am Donnerstag. Bei einer regelm\u00e4\u00dfigen Pressekonferenz der Regierung sagte Janos Lazar, dass auf der [&hellip;]<\/p>\n","protected":false},"author":2,"featured_media":767192,"comment_status":"open","ping_status":"open","sticky":false,"template":"","format":"standard","meta":{"_acf_changed":false,"_display_image":"","footnotes":""},"categories":[1081],"tags":[1445],"class_list":["post-767191","post","type-post","status-publish","format-standard","has-post-thumbnail","hentry","category-politik","tag-migration"],"blocksy_meta":[],"acf":[],"author_username":"alk","telegram_post":"","public_post_metadata":{"breaking_news":"","important":"","csempe":"","center_tile":"","disable_thumbnail":"","target_lang":"","_featured_image_style":"","telegram_post":"","_xlat_group_id":""},"public_rank_math_data":{"title":"%title% %sep% %sitename%","description":"","focus_keyword":"","canonical_url":"","robots":"","primary_category":"1081","breadcrumb_title":"","facebook_title":"","facebook_description":"","facebook_image":"","facebook_image_id":"","twitter_title":"","twitter_description":"","twitter_image":"","twitter_image_id":"","twitter_card_type":"","twitter_use_facebook":"","advanced_robots":"","pillar_content":"","seo_score":"","contentai_score":"","rich_snippet":""},"_links":{"self":[{"href":"https:\/\/dailynewshungary.com\/de\/wp-json\/wp\/v2\/posts\/767191","targetHints":{"allow":["GET"]}}],"collection":[{"href":"https:\/\/dailynewshungary.com\/de\/wp-json\/wp\/v2\/posts"}],"about":[{"href":"https:\/\/dailynewshungary.com\/de\/wp-json\/wp\/v2\/types\/post"}],"author":[{"embeddable":true,"href":"https:\/\/dailynewshungary.com\/de\/wp-json\/wp\/v2\/users\/2"}],"replies":[{"embeddable":true,"href":"https:\/\/dailynewshungary.com\/de\/wp-json\/wp\/v2\/comments?post=767191"}],"version-history":[{"count":0,"href":"https:\/\/dailynewshungary.com\/de\/wp-json\/wp\/v2\/posts\/767191\/revisions"}],"wp:featuredmedia":[{"embeddable":true,"href":"https:\/\/dailynewshungary.com\/de\/wp-json\/wp\/v2\/media\/767192"}],"wp:attachment":[{"href":"https:\/\/dailynewshungary.com\/de\/wp-json\/wp\/v2\/media?parent=767191"}],"wp:term":[{"taxonomy":"category","embeddable":true,"href":"https:\/\/dailynewshungary.com\/de\/wp-json\/wp\/v2\/categories?post=767191"},{"taxonomy":"post_tag","embeddable":true,"href":"https:\/\/dailynewshungary.com\/de\/wp-json\/wp\/v2\/tags?post=767191"}],"curies":[{"name":"wp","href":"https:\/\/api.w.org\/{rel}","templated":true}]}}