{"id":767207,"date":"2015-06-25T13:00:20","date_gmt":"2015-06-25T11:00:20","guid":{"rendered":"https:\/\/dailynewshungary.com\/de\/ungarn-erwarte-europaische-solidaritat-in-der-migration-sagt-ausenminister-szijjarto\/"},"modified":"2015-06-25T13:00:20","modified_gmt":"2015-06-25T11:00:20","slug":"ungarn-erwarte-europaische-solidaritat-in-der-migration-sagt-ausenminister-szijjarto","status":"publish","type":"post","link":"https:\/\/dailynewshungary.com\/de\/ungarn-erwarte-europaische-solidaritat-in-der-migration-sagt-ausenminister-szijjarto\/","title":{"rendered":"Ungarn erwarte europ\u00e4ische Solidarit\u00e4t in der Migration, sagt Au\u00dfenminister Szijjarto"},"content":{"rendered":"<p><strong>Budapest, 25. Juni (MTI) \u2013 Ungarn empf\u00e4ngt derzeit die gr\u00f6\u00dfte Zahl illegaler Migranten in der Europ\u00e4ischen Union und erwartet daher Solidarit\u00e4t und Hilfe von der EU in dieser Frage, sagte Au\u00dfenminister Peter Szijjarto am Donnerstag.<\/strong><\/p>\n<p>Der Minister sagte dem \u00f6ffentlichen Nachrichtensender M1, es sei \u201cinakzeptabel und unverst\u00e4ndlich\u201d, dass trotz der h\u00f6chsten Zahl illegaler Migranten, die hier ankommen, die Aufmerksamkeit immer noch auf diejenigen gerichtet sei, die das Mittelmeer \u00fcberqueren Ungarn habe wiederholt auf die Bedeutung von Migrantenrouten \u00fcber den Westbalkan hingewiesen, aber die EU habe es vers\u00e4umt, wirksame Schritte zu unternehmenEs ist an der Zeit, dass die EU diese Situation ernst nimmt, f\u00fcgte Szijjarto hinzu.<\/p>\n<p>Der Minister sagte, Ungarn habe die Anwendung internationaler und EU-Vorschriften f\u00fcr Migranten nicht ausgesetzt, sei aber mit schwerwiegenden technischen und Kapazit\u00e4tsproblemen konfrontiert, wenn man bedenke, dass in diesem Jahr 61.000 illegale Einwanderer in das Land eingereist seien. Aus diesem Grund habe Ungarn seine EU-Partner um Geduld gebeten und sobald diese technischen und kapazit\u00e4tsbezogenen Herausforderungen gel\u00f6st seien, werde es wieder in der Lage sein, die Dublin-Vorschriften zu erf\u00fcllen.<\/p>\n<p>Der Streit zwischen Ungarn und der EU betrifft 11 Mitgliedstaaten, die 15.000 illegale Migranten nach Ungarn zur\u00fcckschicken wollenDie Position Ungarns ist, dass diese Menschen zuerst in Griechenland in die EU eingereist sind und alle illegalen Migranten in das Land zur\u00fcckgeschickt werden sollten, in dem sie in die EU eingereist sindf\u00fcgte er hinzu.<\/p>\n<p><em>Foto: MTI<\/em><\/p>\n","protected":false},"excerpt":{"rendered":"<p>Budapest, 25. Juni (MTI) \u2013 Ungarn empf\u00e4ngt derzeit die gr\u00f6\u00dfte Zahl illegaler Migranten in der Europ\u00e4ischen Union und erwartet daher Solidarit\u00e4t und Hilfe von der EU in dieser Frage, sagte Au\u00dfenminister Peter Szijjarto am Donnerstag. Der Minister sagte dem \u00f6ffentlichen Nachrichtensender M1, es sei \u201cinakzeptabel und unverst\u00e4ndlich\u201d, dass trotz der h\u00f6chsten Zahl illegaler Migranten, die [&hellip;]<\/p>\n","protected":false},"author":2,"featured_media":767208,"comment_status":"open","ping_status":"open","sticky":false,"template":"","format":"standard","meta":{"_acf_changed":false,"_display_image":"","footnotes":""},"categories":[1081],"tags":[1445],"class_list":["post-767207","post","type-post","status-publish","format-standard","has-post-thumbnail","hentry","category-politik","tag-migration"],"blocksy_meta":[],"acf":[],"author_username":"alk","telegram_post":"","public_post_metadata":{"breaking_news":"","important":"","csempe":"","center_tile":"","disable_thumbnail":"","target_lang":"","_featured_image_style":"","telegram_post":"","_xlat_group_id":""},"public_rank_math_data":{"title":"%title% %sep% %sitename%","description":"","focus_keyword":"","canonical_url":"","robots":"","primary_category":"1081","breadcrumb_title":"","facebook_title":"","facebook_description":"","facebook_image":"","facebook_image_id":"","twitter_title":"","twitter_description":"","twitter_image":"","twitter_image_id":"","twitter_card_type":"","twitter_use_facebook":"","advanced_robots":"","pillar_content":"","seo_score":"","contentai_score":"","rich_snippet":""},"_links":{"self":[{"href":"https:\/\/dailynewshungary.com\/de\/wp-json\/wp\/v2\/posts\/767207","targetHints":{"allow":["GET"]}}],"collection":[{"href":"https:\/\/dailynewshungary.com\/de\/wp-json\/wp\/v2\/posts"}],"about":[{"href":"https:\/\/dailynewshungary.com\/de\/wp-json\/wp\/v2\/types\/post"}],"author":[{"embeddable":true,"href":"https:\/\/dailynewshungary.com\/de\/wp-json\/wp\/v2\/users\/2"}],"replies":[{"embeddable":true,"href":"https:\/\/dailynewshungary.com\/de\/wp-json\/wp\/v2\/comments?post=767207"}],"version-history":[{"count":0,"href":"https:\/\/dailynewshungary.com\/de\/wp-json\/wp\/v2\/posts\/767207\/revisions"}],"wp:featuredmedia":[{"embeddable":true,"href":"https:\/\/dailynewshungary.com\/de\/wp-json\/wp\/v2\/media\/767208"}],"wp:attachment":[{"href":"https:\/\/dailynewshungary.com\/de\/wp-json\/wp\/v2\/media?parent=767207"}],"wp:term":[{"taxonomy":"category","embeddable":true,"href":"https:\/\/dailynewshungary.com\/de\/wp-json\/wp\/v2\/categories?post=767207"},{"taxonomy":"post_tag","embeddable":true,"href":"https:\/\/dailynewshungary.com\/de\/wp-json\/wp\/v2\/tags?post=767207"}],"curies":[{"name":"wp","href":"https:\/\/api.w.org\/{rel}","templated":true}]}}