{"id":767223,"date":"2015-06-24T22:14:52","date_gmt":"2015-06-24T20:14:52","guid":{"rendered":"https:\/\/dailynewshungary.com\/de\/justizminister-informiert-kommission-uber-einwanderungsmasnahmen-in-ungarn\/"},"modified":"2015-06-24T22:14:52","modified_gmt":"2015-06-24T20:14:52","slug":"justizminister-informiert-kommission-uber-einwanderungsmasnahmen-in-ungarn","status":"publish","type":"post","link":"https:\/\/dailynewshungary.com\/de\/justizminister-informiert-kommission-uber-einwanderungsmasnahmen-in-ungarn\/","title":{"rendered":"Justizminister informiert Kommission \u00fcber Einwanderungsma\u00dfnahmen in Ungarn"},"content":{"rendered":"<p><strong>Budapest, 24. Juni (MTI) \u201eUngarn wird ab dem 23. Juni vor\u00fcbergehend auf unbestimmte Zeit keine \u201eAntragsteller auf internationalen Schutz\u201cempfangen, sagte Justizminister Laszlo Trocsanyi der Europ\u00e4ischen Kommission in einem am Mittwoch an MTI ver\u00f6ffentlichten Brief.<\/strong><\/p>\n<p>In seinem Schreiben sagte der Minister jedoch, dass \u201cUngarn die europ\u00e4ischen fl\u00fcchtlingspolitischen Vorgaben, einschlie\u00dflich derjenigen in der Dublin-III-Verordnung, uneingeschr\u00e4nkt respektiert\u201d und f\u00fcgte hinzu, dass Ungarn \u201cvon anderen EU-Mitgliedern erwartet, dass sie dasselbe tun\u201d.<\/p>\n<p>Die ungarische Regierung werde alles in ihrer Macht Stehende tun, um das Fl\u00fcchtlingsproblem zu l\u00f6sen, sagte Trocsanyi und brachte seine Bereitschaft zu baldigen Gespr\u00e4chen mit Frans Timmermans, Vizepr\u00e4sident der Kommission, \u00fcber \u201eThemen rund um die Anwendung\u201cder Dublin-Verordnung in Ungarn zum Ausdruck.<\/p>\n<p>Er sagte, die ungarische Einwanderungsbeh\u00f6rde habe die Beh\u00f6rden \u00d6sterreichs, Belgiens, der Tschechischen Republik, D\u00e4nemarks, Finnlands, Frankreichs, Deutschlands, Italiens, Luxemburgs, Norwegens, Polens, der Slowakei, Schwedens und des Vereinigten K\u00f6nigreichs bereits \u00fcber die Position Ungarns informiert.<\/p>\n<p>Er f\u00fcgte hinzu, dass die Zahl der an den Schengen-Grenzen Ungarns aufgegriffenen illegalen Migranten zwischen dem 1. Januar und dem 22. Juni dieses Jahres 60.620 betrug, und 60.089 Personen an der ungarisch-serbischen Grenze aufgegriffen wurdenDie Zahl der in diesem Jahr in Ungarn gestellten Antr\u00e4ge auf Zuerkennung des Fl\u00fcchtlingsstatus lag ebenfalls \u00fcber 60.000, was einen deutlichen Anstieg gegen\u00fcber fr\u00fcheren Jahren zeigt und es keine Anzeichen daf\u00fcr gibt, dass dieser Druck auf Ungarn sinken w\u00fcrde, sagte er.<\/p>\n<p>Ungarn verf\u00fcge \u00fcber die Kapazit\u00e4ten, die grundlegenden Anforderungen der Dublin-Verordnung zu erf\u00fcllen, wie etwa Registrierungs- und Pflegedienste, und werde diese erf\u00fcllen, sagte Trocsanyi.<\/p>\n<p>Die au\u00dfergew\u00f6hnliche Situation erfordere Krisenmanagement und zwinge Ungarn, mit sofortiger Wirkung befristete Ma\u00dfnahmen einzuf\u00fchren, sagte erDas bedeutet jedoch nicht, dass Ungarn sich nicht verpflichtet, die Verordnung vollst\u00e4ndig einzuhalten, sagte er.<\/p>\n<p>Viele der Antragsteller kommen nach Ungarn, nachdem sie andere L\u00e4nder durchquert haben, in denen sie bereits gem\u00e4\u00df den Dublin-Regeln h\u00e4tten registriert werden m\u00fcssenWenn alle an den Migrationsrouten gelegenen Mitgliedsl\u00e4nder die Vorschriften vollst\u00e4ndig umgesetzt h\u00e4tten, w\u00e4re Ungarn nicht in der aktuellen Situation, sagte Trocsanyi.<\/p>\n<p><em>Foto: MTI<\/em><\/p>\n","protected":false},"excerpt":{"rendered":"<p>Budapest, 24. Juni (MTI) \u201eUngarn wird ab dem 23. Juni vor\u00fcbergehend auf unbestimmte Zeit keine \u201eAntragsteller auf internationalen Schutz\u201cempfangen, sagte Justizminister Laszlo Trocsanyi der Europ\u00e4ischen Kommission in einem am Mittwoch an MTI ver\u00f6ffentlichten Brief. In seinem Schreiben sagte der Minister jedoch, dass \u201cUngarn die europ\u00e4ischen fl\u00fcchtlingspolitischen Vorgaben, einschlie\u00dflich derjenigen in der Dublin-III-Verordnung, uneingeschr\u00e4nkt respektiert\u201d und [&hellip;]<\/p>\n","protected":false},"author":2,"featured_media":767224,"comment_status":"open","ping_status":"open","sticky":false,"template":"","format":"standard","meta":{"_acf_changed":false,"_display_image":"","footnotes":""},"categories":[1081],"tags":[1445],"class_list":["post-767223","post","type-post","status-publish","format-standard","has-post-thumbnail","hentry","category-politik","tag-migration"],"blocksy_meta":[],"acf":[],"author_username":"alk","telegram_post":"","public_post_metadata":{"breaking_news":"","important":"","csempe":"","center_tile":"","disable_thumbnail":"","target_lang":"","_featured_image_style":"","telegram_post":"","_xlat_group_id":""},"public_rank_math_data":{"title":"%title% %sep% %sitename%","description":"","focus_keyword":"","canonical_url":"","robots":"","primary_category":"1081","breadcrumb_title":"","facebook_title":"","facebook_description":"","facebook_image":"","facebook_image_id":"","twitter_title":"","twitter_description":"","twitter_image":"","twitter_image_id":"","twitter_card_type":"","twitter_use_facebook":"","advanced_robots":"","pillar_content":"","seo_score":"","contentai_score":"","rich_snippet":""},"_links":{"self":[{"href":"https:\/\/dailynewshungary.com\/de\/wp-json\/wp\/v2\/posts\/767223","targetHints":{"allow":["GET"]}}],"collection":[{"href":"https:\/\/dailynewshungary.com\/de\/wp-json\/wp\/v2\/posts"}],"about":[{"href":"https:\/\/dailynewshungary.com\/de\/wp-json\/wp\/v2\/types\/post"}],"author":[{"embeddable":true,"href":"https:\/\/dailynewshungary.com\/de\/wp-json\/wp\/v2\/users\/2"}],"replies":[{"embeddable":true,"href":"https:\/\/dailynewshungary.com\/de\/wp-json\/wp\/v2\/comments?post=767223"}],"version-history":[{"count":0,"href":"https:\/\/dailynewshungary.com\/de\/wp-json\/wp\/v2\/posts\/767223\/revisions"}],"wp:featuredmedia":[{"embeddable":true,"href":"https:\/\/dailynewshungary.com\/de\/wp-json\/wp\/v2\/media\/767224"}],"wp:attachment":[{"href":"https:\/\/dailynewshungary.com\/de\/wp-json\/wp\/v2\/media?parent=767223"}],"wp:term":[{"taxonomy":"category","embeddable":true,"href":"https:\/\/dailynewshungary.com\/de\/wp-json\/wp\/v2\/categories?post=767223"},{"taxonomy":"post_tag","embeddable":true,"href":"https:\/\/dailynewshungary.com\/de\/wp-json\/wp\/v2\/tags?post=767223"}],"curies":[{"name":"wp","href":"https:\/\/api.w.org\/{rel}","templated":true}]}}