{"id":767227,"date":"2015-06-24T20:10:37","date_gmt":"2015-06-24T18:10:37","guid":{"rendered":"https:\/\/dailynewshungary.com\/de\/fm-szijjarto-ungarn-halt-sich-an-die-eu-vorschriften-mochte-aber-konsultationen-zur-illegalen-migration\/"},"modified":"2015-06-24T20:10:37","modified_gmt":"2015-06-24T18:10:37","slug":"fm-szijjarto-ungarn-halt-sich-an-die-eu-vorschriften-mochte-aber-konsultationen-zur-illegalen-migration","status":"publish","type":"post","link":"https:\/\/dailynewshungary.com\/de\/fm-szijjarto-ungarn-halt-sich-an-die-eu-vorschriften-mochte-aber-konsultationen-zur-illegalen-migration\/","title":{"rendered":"FM Szijjarto: Ungarn h\u00e4lt sich an die EU-Vorschriften, m\u00f6chte aber Konsultationen zur illegalen Migration"},"content":{"rendered":"<p><strong>Budapest, 24. Juni (MTI) \u201eUngarn h\u00e4lt sich vollst\u00e4ndig an alle Gesetze der Europ\u00e4ischen Union, aber die Regierung m\u00f6chte Konsultationen mit EU-Beamten zum Thema illegale Migration, sagte der Au\u00dfenminister am Mittwoch auf einer Pressekonferenz.<\/strong><\/p>\n<blockquote>\n<p>Peter Szijjarto sagte: \u201cEs kommt nicht in Frage, dass Ungarn die Anwendung der EU-Vorschriften aussetzt, und es wurde keine solche Entscheidung getroffen\u201d<\/p>\n<\/blockquote>\n<p>Der Minister sagte, Ungarn habe allein in diesem Jahr rund 61.000 illegale Einwanderer aufgenommen, von denen 60.922 aus Serbien in das Land eingereist seien. Dies stelle einen enormen Migrationsdruck dar, sagte er und f\u00fcgte hinzu, dass dies f\u00fcr Ungarn schwerwiegende technische Probleme mit sich bringe, da \u201eKollegen, die sich mit Migration befassen, alle an der S\u00fcdgrenze im Einsatz sind\u201c[..], um sicherzustellen, dass Ungarn alle EU-Vorschriften, einschlie\u00dflich der Dublin-Regeln, einh\u00e4lt, und um alle Migranten, die nach Ungarn einreisen, zu registrieren\u201d.<\/p>\n<p>Szijjarto sagte, Ungarn \u201ctut alles, was es kann\u201d, um die technischen und Kapazit\u00e4tsfragen so schnell wie m\u00f6glich zu beheben, damit es \u201cin allen Aspekten\u201d der Migration mit der EU \u00fcbereinstimmt.<\/p>\n<p>Der Regierung, so sagte er, sei mitgeteilt worden, dass \u00d6sterreich und zehn weitere EU-L\u00e4nder illegale Migranten zur\u00fcck nach Ungarn zur\u00fcckbringen wollen \u201cDa sind wir nicht einverstanden\u201d, sagte er und f\u00fcgte hinzu, dass der erste Einreisepunkt der Migranten Griechenland und nicht Ungarn sei \u201cSie sollten dorthin zur\u00fcckgeschickt werden\u201d, sagte er.<\/p>\n<p>Das Kabinett hat das Justizministerium beauftragt, im Zusammenhang mit der Dublin-Verordnung, der EU-Regel, dass der Anspruch eines Migranten in dem Land bearbeitet werden muss, in dem er zuerst ankommt, so schnell wie m\u00f6glich eine Konsultation mit der Europ\u00e4ischen Kommission einzuleiten.<\/p>\n<p>Unterdessen m\u00fcsse das Au\u00dfenministerium den EU-Au\u00dfenbeauftragten konsultieren, um den Migrationsdruck aus dem Westbalkan am schnellsten und wirksamsten zu lindern, f\u00fcgte der Minister hinzu.<\/p>\n<p>Zu den Pl\u00e4nen Ungarns, einen Zaun entlang der S\u00fcdgrenze des Landes zu Serbien zu errichten, sagte Szijjarto, das Kabinett habe beschlossen, eine Summe von 6,5 Milliarden Forint (21 Mio. EUR) f\u00fcr Material und Bau bereitzustellen. \u201eDas Ziel ist, dass der provisorische Zaun vom Staat selbst gebaut wird.\u201c\u201d, sagte er.<\/p>\n<p>Die Regierung habe die Fraktionen der Regierungsparteien gebeten, Vorbereitungen f\u00fcr die f\u00fcr den Bau des Zauns notwendigen \u00c4nderungen zu treffen, sagte Szijjarto.<\/p>\n<p>Der Au\u00dfenminister sagte auch, Ungarn k\u00f6nne k\u00fcnftig entlang jedes anderen Grenzabschnitts \u00e4hnliche Z\u00e4une errichten, wo \u201ces keinen anderen effizienten Weg gibt, illegale Einreise zu verhindern\u201d.<\/p>\n<p>Er sagte, der Zaun entlang der Grenze zu Serbien sei \u201ckeine bilaterale Angelegenheit\u201d und \u201cnicht \u00fcber Serbien\u201d Zusammenarbeit und Beziehungen zwischen Ungarn und Serbien seien noch nie \u201cso gut, so reibungslos und so effektiv\u201d gewesen wie jetzt, sagte er und f\u00fcgte hinzu, dass die Angelegenheit auf dem Regierungsgipfel Ungarn-Serbien am kommenden Mittwoch diskutiert werde.<\/p>\n","protected":false},"excerpt":{"rendered":"<p>Budapest, 24. Juni (MTI) \u201eUngarn h\u00e4lt sich vollst\u00e4ndig an alle Gesetze der Europ\u00e4ischen Union, aber die Regierung m\u00f6chte Konsultationen mit EU-Beamten zum Thema illegale Migration, sagte der Au\u00dfenminister am Mittwoch auf einer Pressekonferenz. Peter Szijjarto sagte: \u201cEs kommt nicht in Frage, dass Ungarn die Anwendung der EU-Vorschriften aussetzt, und es wurde keine solche Entscheidung getroffen\u201d [&hellip;]<\/p>\n","protected":false},"author":2,"featured_media":767228,"comment_status":"open","ping_status":"open","sticky":false,"template":"","format":"standard","meta":{"_acf_changed":false,"_display_image":"","footnotes":""},"categories":[1081],"tags":[1445],"class_list":["post-767227","post","type-post","status-publish","format-standard","has-post-thumbnail","hentry","category-politik","tag-migration"],"blocksy_meta":[],"acf":[],"author_username":"alk","telegram_post":"","public_post_metadata":{"breaking_news":"","important":"","csempe":"","center_tile":"","disable_thumbnail":"","target_lang":"","_featured_image_style":"","telegram_post":"","_xlat_group_id":""},"public_rank_math_data":{"title":"%title% %sep% %sitename%","description":"","focus_keyword":"","canonical_url":"","robots":"","primary_category":"1081","breadcrumb_title":"","facebook_title":"","facebook_description":"","facebook_image":"","facebook_image_id":"","twitter_title":"","twitter_description":"","twitter_image":"","twitter_image_id":"","twitter_card_type":"","twitter_use_facebook":"","advanced_robots":"","pillar_content":"","seo_score":"","contentai_score":"","rich_snippet":""},"_links":{"self":[{"href":"https:\/\/dailynewshungary.com\/de\/wp-json\/wp\/v2\/posts\/767227","targetHints":{"allow":["GET"]}}],"collection":[{"href":"https:\/\/dailynewshungary.com\/de\/wp-json\/wp\/v2\/posts"}],"about":[{"href":"https:\/\/dailynewshungary.com\/de\/wp-json\/wp\/v2\/types\/post"}],"author":[{"embeddable":true,"href":"https:\/\/dailynewshungary.com\/de\/wp-json\/wp\/v2\/users\/2"}],"replies":[{"embeddable":true,"href":"https:\/\/dailynewshungary.com\/de\/wp-json\/wp\/v2\/comments?post=767227"}],"version-history":[{"count":0,"href":"https:\/\/dailynewshungary.com\/de\/wp-json\/wp\/v2\/posts\/767227\/revisions"}],"wp:featuredmedia":[{"embeddable":true,"href":"https:\/\/dailynewshungary.com\/de\/wp-json\/wp\/v2\/media\/767228"}],"wp:attachment":[{"href":"https:\/\/dailynewshungary.com\/de\/wp-json\/wp\/v2\/media?parent=767227"}],"wp:term":[{"taxonomy":"category","embeddable":true,"href":"https:\/\/dailynewshungary.com\/de\/wp-json\/wp\/v2\/categories?post=767227"},{"taxonomy":"post_tag","embeddable":true,"href":"https:\/\/dailynewshungary.com\/de\/wp-json\/wp\/v2\/tags?post=767227"}],"curies":[{"name":"wp","href":"https:\/\/api.w.org\/{rel}","templated":true}]}}