{"id":767241,"date":"2015-06-24T11:00:56","date_gmt":"2015-06-24T09:00:56","guid":{"rendered":"https:\/\/dailynewshungary.com\/de\/der-gouverneur-setzt-das-europaische-asylabkommen-aus-das-ministerium-qualifiziert-die-erklarung\/"},"modified":"2015-06-24T11:00:56","modified_gmt":"2015-06-24T09:00:56","slug":"der-gouverneur-setzt-das-europaische-asylabkommen-aus-das-ministerium-qualifiziert-die-erklarung","status":"publish","type":"post","link":"https:\/\/dailynewshungary.com\/de\/der-gouverneur-setzt-das-europaische-asylabkommen-aus-das-ministerium-qualifiziert-die-erklarung\/","title":{"rendered":"Der Gouverneur setzt das europ\u00e4ische Asylabkommen aus. Das Ministerium qualifiziert die Erkl\u00e4rung"},"content":{"rendered":"<p><strong>Budapest, 24. Juni (MTI) \u2013 Das Innenministerium hat am Mittwoch seine Ank\u00fcndigung, dass die Einwanderungsbeh\u00f6rde das europ\u00e4ische Asylabkommen auf unbestimmte Zeit ausgesetzt habe, eingeschr\u00e4nkt und erkl\u00e4rt, dass sich der Schritt auf bereits bearbeitete F\u00e4lle beziehe.<\/strong><\/p>\n<p>In einer Erkl\u00e4rung erkl\u00e4rte das Ministerium, Ungarn habe die Unterzeichner der Dublin-Verordnung im Sinne der EU-Solidarit\u00e4t aufgefordert, bereits geplante Transfers nicht zu versenden und die Planung weiterer Transfers einzustellen.<\/p>\n<p>In der Zwischenzeit arbeiten die ungarischen Beh\u00f6rden an der Erweiterung der Kapazit\u00e4ten, ein Aufwand, der Zeit erfordert, hie\u00df es.<\/p>\n<p>Ungarn sei das am st\u00e4rksten von illegaler Einwanderung aus den betroffenen Mitgliedstaaten belastete Land und habe seine Kapazit\u00e4ten ausgesch\u00f6pft, teilte das Ministerium am Dienstag mit.<\/p>\n<p>Bis zum 22. Juni dieses Jahres habe die ungarische Polizei 60.620 illegale Einwanderer festgenommen, darunter 60.089 entlang des serbischen Grenzabschnitts, hei\u00dft es in der Erkl\u00e4rung.<\/p>\n<p>Die Dublin-Regel ist ein europ\u00e4isches Abkommen, das Regierungen dabei hilft, parallele Antr\u00e4ge von Asylbewerbern zu vermeiden. Dementsprechend muss der Antrag eines Migranten in dem EU-Land bearbeitet werden, in dem er zuerst ankommt.<\/p>\n<p><em>Foto: MTI<\/em><\/p>\n","protected":false},"excerpt":{"rendered":"<p>Budapest, 24. Juni (MTI) \u2013 Das Innenministerium hat am Mittwoch seine Ank\u00fcndigung, dass die Einwanderungsbeh\u00f6rde das europ\u00e4ische Asylabkommen auf unbestimmte Zeit ausgesetzt habe, eingeschr\u00e4nkt und erkl\u00e4rt, dass sich der Schritt auf bereits bearbeitete F\u00e4lle beziehe. In einer Erkl\u00e4rung erkl\u00e4rte das Ministerium, Ungarn habe die Unterzeichner der Dublin-Verordnung im Sinne der EU-Solidarit\u00e4t aufgefordert, bereits geplante Transfers [&hellip;]<\/p>\n","protected":false},"author":2,"featured_media":767242,"comment_status":"open","ping_status":"open","sticky":false,"template":"","format":"standard","meta":{"_acf_changed":false,"_display_image":"","footnotes":""},"categories":[1081],"tags":[1445],"class_list":["post-767241","post","type-post","status-publish","format-standard","has-post-thumbnail","hentry","category-politik","tag-migration"],"blocksy_meta":[],"acf":[],"author_username":"alk","telegram_post":"","public_post_metadata":{"breaking_news":"","important":"","csempe":"","center_tile":"","disable_thumbnail":"","target_lang":"","_featured_image_style":"","telegram_post":"","_xlat_group_id":""},"public_rank_math_data":{"title":"%title% %sep% %sitename%","description":"","focus_keyword":"","canonical_url":"","robots":"","primary_category":"1081","breadcrumb_title":"","facebook_title":"","facebook_description":"","facebook_image":"","facebook_image_id":"","twitter_title":"","twitter_description":"","twitter_image":"","twitter_image_id":"","twitter_card_type":"","twitter_use_facebook":"","advanced_robots":"","pillar_content":"","seo_score":"","contentai_score":"","rich_snippet":""},"_links":{"self":[{"href":"https:\/\/dailynewshungary.com\/de\/wp-json\/wp\/v2\/posts\/767241","targetHints":{"allow":["GET"]}}],"collection":[{"href":"https:\/\/dailynewshungary.com\/de\/wp-json\/wp\/v2\/posts"}],"about":[{"href":"https:\/\/dailynewshungary.com\/de\/wp-json\/wp\/v2\/types\/post"}],"author":[{"embeddable":true,"href":"https:\/\/dailynewshungary.com\/de\/wp-json\/wp\/v2\/users\/2"}],"replies":[{"embeddable":true,"href":"https:\/\/dailynewshungary.com\/de\/wp-json\/wp\/v2\/comments?post=767241"}],"version-history":[{"count":0,"href":"https:\/\/dailynewshungary.com\/de\/wp-json\/wp\/v2\/posts\/767241\/revisions"}],"wp:featuredmedia":[{"embeddable":true,"href":"https:\/\/dailynewshungary.com\/de\/wp-json\/wp\/v2\/media\/767242"}],"wp:attachment":[{"href":"https:\/\/dailynewshungary.com\/de\/wp-json\/wp\/v2\/media?parent=767241"}],"wp:term":[{"taxonomy":"category","embeddable":true,"href":"https:\/\/dailynewshungary.com\/de\/wp-json\/wp\/v2\/categories?post=767241"},{"taxonomy":"post_tag","embeddable":true,"href":"https:\/\/dailynewshungary.com\/de\/wp-json\/wp\/v2\/tags?post=767241"}],"curies":[{"name":"wp","href":"https:\/\/api.w.org\/{rel}","templated":true}]}}