{"id":767245,"date":"2015-06-24T09:31:52","date_gmt":"2015-06-24T07:31:52","guid":{"rendered":"https:\/\/dailynewshungary.com\/de\/ungarns-regierung-ungarn-voll\/"},"modified":"2015-06-24T09:31:52","modified_gmt":"2015-06-24T07:31:52","slug":"ungarns-regierung-ungarn-voll","status":"publish","type":"post","link":"https:\/\/dailynewshungary.com\/de\/ungarns-regierung-ungarn-voll\/","title":{"rendered":"Ungarns Regierung: \u201cUngarn voll\u201d"},"content":{"rendered":"<p><strong>Budapest (MTI) \u201cUngarn ist voll\u201d, sagte Regierungssprecher Zoltan Kovacs am Dienstag dem \u00f6ffentlich-rechtlichen Nachrichtensender M1 bez\u00fcglich der Entscheidung der Einwanderungsbeh\u00f6rde, das europ\u00e4ische Asylabkommen, die sogenannte Dublin-Verordnung \u00fcber \u00dcberstellungen, auf unbestimmte Zeit auszusetzen.<\/strong><\/p>\n<p>Kovacs sagte, es sei seit Wochen dar\u00fcber diskutiert worden, dass Ungarn keine weiteren Asylsuchenden aufnehmen k\u00f6nne, da t\u00e4glich 600-800 illegale Einwanderer in das Land einreisen, was eine \u201egro\u00dfe Belastung\u201d f\u00fcr diejenigen darstelle, die mit der Registrierung von Asylsuchenden beauftragt seien.<\/p>\n<p>Der Sprecher sagte, Ungarn liefere \u201cim Kampf\u201d mit der Fl\u00fcchtlingskrise zu viel, und f\u00fcgte hinzu, dass es unfair sei, nur \u00fcber die Krise zu diskutieren, mit der die Mittelmeerl\u00e4nder konfrontiert seien.<\/p>\n<p>Er sagte, Ungarn sei nicht in der Lage, die R\u00fcckkehr von Asylbewerbern zu bearbeiten, deren Antr\u00e4ge in anderen Mitgliedstaaten nicht genehmigt worden seien.<\/p>\n<p>Auf die Frage, ob Ungarn ein Recht habe, die Dublin-Verordnung auszusetzen, sagte Kovacs, das Land habe \u201ckaum eine andere Wahl\u201d und f\u00fcgte hinzu, dass es nicht auf den Zustrom von Fl\u00fcchtlingen vorbereitet sei.<\/p>\n<p>Er sagte, auch die EU habe keine Antwort auf die Krise und die Regierung warte weiterhin auf Ma\u00dfnahmen, die die Situation auf europ\u00e4ischer Ebene l\u00f6sen k\u00f6nnten.<\/p>\n<p>In der Dublin-Verordnung hei\u00dft es, dass der erste EU-Mitgliedstaat, in den der Asylbewerber eingereist ist, f\u00fcr die Bearbeitung des Asylantrags verantwortlich ist.<\/p>\n<p>Die linke Oppositionspartei Demokratische Koalition (DK) erkl\u00e4rte, die Regierung habe \u201cUngarn aus Europa herausgeschrieben\u201d, indem sie ein technisches Thema als Grund f\u00fcr die Aussetzung des Asylabkommens anf\u00fchrteIn einer Erkl\u00e4rung erkl\u00e4rte die Partei, die Regierung habe \u201cvors\u00e4tzlich gegen ein wichtiges internationales Abkommen versto\u00dfen\u201d im Interesse ihrer politischen ZieleDK sagte, Ungarn \u00fcbernehme nicht die geringste Verantwortung f\u00fcr im Land registrierte Fl\u00fcchtlinge, und der Schritt der Regierung sei ein \u201ceigenes Ziel\u201d, da es in Zukunft noch mehr Fl\u00fcchtlinge geben werde.<\/p>\n<p>Die oppositionelle Egyutt-Partei sagte, die Regierung sei \u201can Menschlichkeit gescheitert\u201d und verletze st\u00e4ndig nationale Interessen, \u201cindem sie Ungarn von unseren westlichen Verb\u00fcndeten isoliert\u201d Die Partei sagte, es sei \u201cinakzeptabel\u201d, dass die Regierung sich weigere, Menschen zu helfen, deren Leben in Gefahr sei.<\/p>\n<p><em>Foto: MTI<\/em><\/p>\n","protected":false},"excerpt":{"rendered":"<p>Budapest (MTI) \u201cUngarn ist voll\u201d, sagte Regierungssprecher Zoltan Kovacs am Dienstag dem \u00f6ffentlich-rechtlichen Nachrichtensender M1 bez\u00fcglich der Entscheidung der Einwanderungsbeh\u00f6rde, das europ\u00e4ische Asylabkommen, die sogenannte Dublin-Verordnung \u00fcber \u00dcberstellungen, auf unbestimmte Zeit auszusetzen. Kovacs sagte, es sei seit Wochen dar\u00fcber diskutiert worden, dass Ungarn keine weiteren Asylsuchenden aufnehmen k\u00f6nne, da t\u00e4glich 600-800 illegale Einwanderer in das [&hellip;]<\/p>\n","protected":false},"author":2,"featured_media":767246,"comment_status":"open","ping_status":"open","sticky":false,"template":"","format":"standard","meta":{"_acf_changed":false,"_display_image":"","footnotes":""},"categories":[1081],"tags":[1445],"class_list":["post-767245","post","type-post","status-publish","format-standard","has-post-thumbnail","hentry","category-politik","tag-migration"],"blocksy_meta":[],"acf":[],"author_username":"alk","telegram_post":"","public_post_metadata":{"breaking_news":"","important":"","csempe":"","center_tile":"","disable_thumbnail":"","target_lang":"","_featured_image_style":"","telegram_post":"","_xlat_group_id":""},"public_rank_math_data":{"title":"%title% %sep% %sitename%","description":"","focus_keyword":"","canonical_url":"","robots":"","primary_category":"1081","breadcrumb_title":"","facebook_title":"","facebook_description":"","facebook_image":"","facebook_image_id":"","twitter_title":"","twitter_description":"","twitter_image":"","twitter_image_id":"","twitter_card_type":"","twitter_use_facebook":"","advanced_robots":"","pillar_content":"","seo_score":"","contentai_score":"","rich_snippet":""},"_links":{"self":[{"href":"https:\/\/dailynewshungary.com\/de\/wp-json\/wp\/v2\/posts\/767245","targetHints":{"allow":["GET"]}}],"collection":[{"href":"https:\/\/dailynewshungary.com\/de\/wp-json\/wp\/v2\/posts"}],"about":[{"href":"https:\/\/dailynewshungary.com\/de\/wp-json\/wp\/v2\/types\/post"}],"author":[{"embeddable":true,"href":"https:\/\/dailynewshungary.com\/de\/wp-json\/wp\/v2\/users\/2"}],"replies":[{"embeddable":true,"href":"https:\/\/dailynewshungary.com\/de\/wp-json\/wp\/v2\/comments?post=767245"}],"version-history":[{"count":0,"href":"https:\/\/dailynewshungary.com\/de\/wp-json\/wp\/v2\/posts\/767245\/revisions"}],"wp:featuredmedia":[{"embeddable":true,"href":"https:\/\/dailynewshungary.com\/de\/wp-json\/wp\/v2\/media\/767246"}],"wp:attachment":[{"href":"https:\/\/dailynewshungary.com\/de\/wp-json\/wp\/v2\/media?parent=767245"}],"wp:term":[{"taxonomy":"category","embeddable":true,"href":"https:\/\/dailynewshungary.com\/de\/wp-json\/wp\/v2\/categories?post=767245"},{"taxonomy":"post_tag","embeddable":true,"href":"https:\/\/dailynewshungary.com\/de\/wp-json\/wp\/v2\/tags?post=767245"}],"curies":[{"name":"wp","href":"https:\/\/api.w.org\/{rel}","templated":true}]}}