{"id":767273,"date":"2015-06-22T23:25:53","date_gmt":"2015-06-22T21:25:53","guid":{"rendered":"https:\/\/dailynewshungary.com\/de\/jobbik-fordert-orban-wegen-quastor-affare-heraus\/"},"modified":"2015-06-22T23:25:53","modified_gmt":"2015-06-22T21:25:53","slug":"jobbik-fordert-orban-wegen-quastor-affare-heraus","status":"publish","type":"post","link":"https:\/\/dailynewshungary.com\/de\/jobbik-fordert-orban-wegen-quastor-affare-heraus\/","title":{"rendered":"Jobbik fordert Orban wegen Qu\u00e4stor-Aff\u00e4re heraus"},"content":{"rendered":"<p><strong>Budapest, 22. Juni (MTI) 22. Juni (der Chef des radikalen Nationalisten Jobbik, Gabor Vona, fragte Premierminister Viktor Orban, ob Abgeordnete Gelder von der Maklerfirma Quaestor abgezogen h\u00e4tten, kurz bevor diese Firma Insolvenz anmeldete, und zwar am Montag im Parlament.<\/strong><\/p>\n<p>In seiner Antwort sagte der Premierminister, dass die Frage an die Nationalbank gerichtet werden sollte. Er f\u00fcgte hinzu, dass \u201ewir keine schlauen Leute, schlauen Parteien oder schlauen Fragen m\u00f6gen\u201c.<\/p>\n<p>Das Qu\u00e4stor-Unternehmen brach im M\u00e4rz zusammen, woraufhin die Regierung von der Opposition beschossen wurde, ihr Insidergesch\u00e4fte vorwarf und es vers\u00e4umte, Kunden rechtzeitig zu alarmieren.<\/p>\n","protected":false},"excerpt":{"rendered":"<p>Budapest, 22. Juni (MTI) 22. Juni (der Chef des radikalen Nationalisten Jobbik, Gabor Vona, fragte Premierminister Viktor Orban, ob Abgeordnete Gelder von der Maklerfirma Quaestor abgezogen h\u00e4tten, kurz bevor diese Firma Insolvenz anmeldete, und zwar am Montag im Parlament. In seiner Antwort sagte der Premierminister, dass die Frage an die Nationalbank gerichtet werden sollte. Er [&hellip;]<\/p>\n","protected":false},"author":2,"featured_media":767274,"comment_status":"open","ping_status":"open","sticky":false,"template":"","format":"standard","meta":{"_acf_changed":false,"_display_image":"","footnotes":""},"categories":[1281],"tags":[1632,3922,1128],"class_list":["post-767273","post","type-post","status-publish","format-standard","has-post-thumbnail","hentry","category-geschaft","tag-jobbik","tag-maklerskandal","tag-viktor-orban"],"blocksy_meta":[],"acf":[],"author_username":"alk","telegram_post":"","public_post_metadata":{"breaking_news":"","important":"","csempe":"","center_tile":"","disable_thumbnail":"","target_lang":"","_featured_image_style":"","telegram_post":"","_xlat_group_id":""},"public_rank_math_data":{"title":"%title% %sep% %sitename%","description":"","focus_keyword":"","canonical_url":"","robots":"","primary_category":"1281","breadcrumb_title":"","facebook_title":"","facebook_description":"","facebook_image":"","facebook_image_id":"","twitter_title":"","twitter_description":"","twitter_image":"","twitter_image_id":"","twitter_card_type":"","twitter_use_facebook":"","advanced_robots":"","pillar_content":"","seo_score":"","contentai_score":"","rich_snippet":""},"_links":{"self":[{"href":"https:\/\/dailynewshungary.com\/de\/wp-json\/wp\/v2\/posts\/767273","targetHints":{"allow":["GET"]}}],"collection":[{"href":"https:\/\/dailynewshungary.com\/de\/wp-json\/wp\/v2\/posts"}],"about":[{"href":"https:\/\/dailynewshungary.com\/de\/wp-json\/wp\/v2\/types\/post"}],"author":[{"embeddable":true,"href":"https:\/\/dailynewshungary.com\/de\/wp-json\/wp\/v2\/users\/2"}],"replies":[{"embeddable":true,"href":"https:\/\/dailynewshungary.com\/de\/wp-json\/wp\/v2\/comments?post=767273"}],"version-history":[{"count":0,"href":"https:\/\/dailynewshungary.com\/de\/wp-json\/wp\/v2\/posts\/767273\/revisions"}],"wp:featuredmedia":[{"embeddable":true,"href":"https:\/\/dailynewshungary.com\/de\/wp-json\/wp\/v2\/media\/767274"}],"wp:attachment":[{"href":"https:\/\/dailynewshungary.com\/de\/wp-json\/wp\/v2\/media?parent=767273"}],"wp:term":[{"taxonomy":"category","embeddable":true,"href":"https:\/\/dailynewshungary.com\/de\/wp-json\/wp\/v2\/categories?post=767273"},{"taxonomy":"post_tag","embeddable":true,"href":"https:\/\/dailynewshungary.com\/de\/wp-json\/wp\/v2\/tags?post=767273"}],"curies":[{"name":"wp","href":"https:\/\/api.w.org\/{rel}","templated":true}]}}