{"id":767285,"date":"2015-06-22T14:45:42","date_gmt":"2015-06-22T12:45:42","guid":{"rendered":"https:\/\/dailynewshungary.com\/de\/erweiterung-des-fluchtlingslagers-debrecen-in-arbeit\/"},"modified":"2015-06-22T14:45:42","modified_gmt":"2015-06-22T12:45:42","slug":"erweiterung-des-fluchtlingslagers-debrecen-in-arbeit","status":"publish","type":"post","link":"https:\/\/dailynewshungary.com\/de\/erweiterung-des-fluchtlingslagers-debrecen-in-arbeit\/","title":{"rendered":"Erweiterung des Fl\u00fcchtlingslagers Debrecen in Arbeit"},"content":{"rendered":"<p><strong>Das Fl\u00fcchtlingslager Debrecen muss dringend um Kapazit\u00e4ten erweitert werden, da sich derzeit 1474 Fl\u00fcchtlinge und Asylsuchende dort aufhalten. Es soll jedoch nur 830 Einwanderern Unterkunft bieten, berichtete index.hu.<\/strong><\/p>\n<p>Abgesehen von einem Geb\u00e4udekomplex, der geeignet ist, hundert Familien in lebensf\u00e4higen Verh\u00e4ltnissen unterzubringen, umfasst das bereits angenommene Erweiterungsprojekt den Bau eines Containerlagers, das bei Bedarf dreihundert Fl\u00fcchtlinge aufnehmen kann.<\/p>\n<p>In den ersten f\u00fcnf Monaten des Jahres 2015 f\u00fchrte das Office of Immigration and Nationality Regional Directorate of Northern Lowland ein Verfahren im Fall von 31.327 Asylbewerbern durch, das Amt stellte jedoch fest, dass nur zwanzig von ihnen Anspruch auf Fl\u00fcchtlings- oder Schutzstatus hatten, und vierundf\u00fcnfzig davon f\u00fcr subsidi\u00e4ren Schutz. Im Fall der \u00fcberwiegenden Mehrheit der Einwanderer (65-70 %) konnte die Direktion das Ermittlungsverfahren nicht abschlie\u00dfen, da die Asylbewerber verschwanden.<\/p>\n<p>Zsolt Harahi, der Regionaldirektor des Einwanderungsb\u00fcros, sagte gegen\u00fcber MTI, dass t\u00e4glich etwa 100-150 Fl\u00fcchtlinge im Lager ankommen. Aus diesem Grund sei es dringend erforderlich, das Gebiet zu erweitern.<\/p>\n<p>Bezugnehmend auf die Situation in Debrecen sagte R\u00f3bert R\u00e1cz, Mitglied der Nationalversammlung, gegen\u00fcber MTI, dass das Einwanderungsamt und die Polizei \u201cdie Kontrolle \u00fcber die Situation haben\u201d Das B\u00fcro habe in letzter Zeit keine \u00f6ffentliche Beschwerde zu Fl\u00fcchtlingsfragen erhalten, f\u00fcgte er hinzu.<\/p>\n<p>Anfang Mai sagte Premierminister Viktor Orb\u00e1n, dass das Lager nicht weiterentwickelt oder erweitert werde, und best\u00e4tigte, dass seine Regierung stattdessen versuchen werde, das Lager zu schlie\u00dfen. \u201eWas Ungarn will, ist, dass nicht mehr von ihnen kommt und dass diejenigen von ihnen, die hier sind, nach Hause gehen.\u201cerkl\u00e4rte der Premierminister in Debrecen.<\/p>\n<p>Offensichtlich hat sich die Position seiner Regierung seit Mai ge\u00e4ndert, da die Lagererweiterung bereits begonnen hat.<\/p>\n<p><em>Basierend auf dem Artikel von index.hu<\/em><br \/>\n<em>\u00dcbersetzung von G\u00e1bor Hajnal<\/em><\/p>\n","protected":false},"excerpt":{"rendered":"<p>Das Fl\u00fcchtlingslager Debrecen muss dringend um Kapazit\u00e4ten erweitert werden, da sich derzeit 1474 Fl\u00fcchtlinge und Asylsuchende dort aufhalten. Es soll jedoch nur 830 Einwanderern Unterkunft bieten, berichtete index.hu. Abgesehen von einem Geb\u00e4udekomplex, der geeignet ist, hundert Familien in lebensf\u00e4higen Verh\u00e4ltnissen unterzubringen, umfasst das bereits angenommene Erweiterungsprojekt den Bau eines Containerlagers, das bei Bedarf dreihundert Fl\u00fcchtlinge [&hellip;]<\/p>\n","protected":false},"author":2,"featured_media":767286,"comment_status":"open","ping_status":"open","sticky":false,"template":"","format":"standard","meta":{"_acf_changed":false,"_display_image":"","footnotes":""},"categories":[1081],"tags":[1445],"class_list":["post-767285","post","type-post","status-publish","format-standard","has-post-thumbnail","hentry","category-politik","tag-migration"],"blocksy_meta":[],"acf":[],"author_username":"alk","telegram_post":"","public_post_metadata":{"breaking_news":"","important":"","csempe":"","center_tile":"","disable_thumbnail":"","target_lang":"","_featured_image_style":"","telegram_post":"","_xlat_group_id":""},"public_rank_math_data":{"title":"%title% %sep% %sitename%","description":"","focus_keyword":"","canonical_url":"","robots":"","primary_category":"1081","breadcrumb_title":"","facebook_title":"","facebook_description":"","facebook_image":"","facebook_image_id":"","twitter_title":"","twitter_description":"","twitter_image":"","twitter_image_id":"","twitter_card_type":"","twitter_use_facebook":"","advanced_robots":"","pillar_content":"","seo_score":"","contentai_score":"","rich_snippet":""},"_links":{"self":[{"href":"https:\/\/dailynewshungary.com\/de\/wp-json\/wp\/v2\/posts\/767285","targetHints":{"allow":["GET"]}}],"collection":[{"href":"https:\/\/dailynewshungary.com\/de\/wp-json\/wp\/v2\/posts"}],"about":[{"href":"https:\/\/dailynewshungary.com\/de\/wp-json\/wp\/v2\/types\/post"}],"author":[{"embeddable":true,"href":"https:\/\/dailynewshungary.com\/de\/wp-json\/wp\/v2\/users\/2"}],"replies":[{"embeddable":true,"href":"https:\/\/dailynewshungary.com\/de\/wp-json\/wp\/v2\/comments?post=767285"}],"version-history":[{"count":0,"href":"https:\/\/dailynewshungary.com\/de\/wp-json\/wp\/v2\/posts\/767285\/revisions"}],"wp:featuredmedia":[{"embeddable":true,"href":"https:\/\/dailynewshungary.com\/de\/wp-json\/wp\/v2\/media\/767286"}],"wp:attachment":[{"href":"https:\/\/dailynewshungary.com\/de\/wp-json\/wp\/v2\/media?parent=767285"}],"wp:term":[{"taxonomy":"category","embeddable":true,"href":"https:\/\/dailynewshungary.com\/de\/wp-json\/wp\/v2\/categories?post=767285"},{"taxonomy":"post_tag","embeddable":true,"href":"https:\/\/dailynewshungary.com\/de\/wp-json\/wp\/v2\/tags?post=767285"}],"curies":[{"name":"wp","href":"https:\/\/api.w.org\/{rel}","templated":true}]}}