{"id":767289,"date":"2015-06-22T11:00:15","date_gmt":"2015-06-22T09:00:15","guid":{"rendered":"https:\/\/dailynewshungary.com\/de\/kein-befehl-auf-migranten-an-der-sudgrenze-zu-schiesen-sagen-wir-regierungsspoxen\/"},"modified":"2015-06-22T11:00:15","modified_gmt":"2015-06-22T09:00:15","slug":"kein-befehl-auf-migranten-an-der-sudgrenze-zu-schiesen-sagen-wir-regierungsspoxen","status":"publish","type":"post","link":"https:\/\/dailynewshungary.com\/de\/kein-befehl-auf-migranten-an-der-sudgrenze-zu-schiesen-sagen-wir-regierungsspoxen\/","title":{"rendered":"Kein Befehl, auf Migranten an der S\u00fcdgrenze zu schie\u00dfen, sagen wir Regierungsspoxen"},"content":{"rendered":"<p><strong>Budapest, 22. Juni (MTI) \u201eUngarische Grenzpatrouillen erhalten keinen Befehl, auf illegale Einwanderer entlang des Zauns zu schie\u00dfen, der an der S\u00fcdgrenze Ungarns errichtet werden soll, sagte Regierungssprecher Zoltan Kovacs am Montag gegen\u00fcber der Tageszeitung Magyar Hirlap und nannte die damit verbundenen Ger\u00fcchte \u201eGrundlos\u201cund b\u00f6swillige\u201d Spekulationen.<\/strong><\/p>\n<p>Um den massiven Zustrom illegaler Einwanderer einzud\u00e4mmen, k\u00fcndigte die Regierung am vergangenen Mittwoch Vorbereitungen f\u00fcr einen 4 Meter hohen Zaun entlang eines 175 Kilometer langen Abschnitts der Grenze zu Serbien an.<\/p>\n<p>Alle restriktiven Ma\u00dfnahmen w\u00fcrden unter geb\u00fchrender Einhaltung der damit verbundenen europ\u00e4ischen und nationalen Vorschriften ergriffen, sagte der Sprecher.<\/p>\n<p>Ungarn werde keines seiner Gesetze \u00e4ndern m\u00fcssen, sondern lediglich die Mittel zu deren Durchsetzung garantieren m\u00fcssen, sagte er.<\/p>\n<p>Kovacs r\u00e4umte ein, dass der Grenzzaun das Problem der illegalen Einwanderung, die nur durch gemeinsame europ\u00e4ische Anstrengungen geregelt werden k\u00f6nne, nicht l\u00f6sen w\u00fcrde, f\u00fcgte jedoch hinzu, dass die Regierung \u201ckeine andere M\u00f6glichkeit\u201d habe, darauf zu reagieren.<\/p>\n<p>Er sagte, die serbische F\u00fchrung habe hart reagiert, aber die Innenminister und die Beh\u00f6rdenleiter st\u00fcnden in st\u00e4ndigem Kontakt miteinander und die ungarischen Beamten h\u00e4tten die Motive f\u00fcr Entscheidungen erl\u00e4utert.<\/p>\n<p>Die Details werden \u201cauf jeden Fall\u201d w\u00e4hrend des serbisch-ungarischen Gipfels Anfang Juli besprochen, sagte der Sprecher.<\/p>\n<p><em>Foto: MTI<\/em><\/p>\n","protected":false},"excerpt":{"rendered":"<p>Budapest, 22. Juni (MTI) \u201eUngarische Grenzpatrouillen erhalten keinen Befehl, auf illegale Einwanderer entlang des Zauns zu schie\u00dfen, der an der S\u00fcdgrenze Ungarns errichtet werden soll, sagte Regierungssprecher Zoltan Kovacs am Montag gegen\u00fcber der Tageszeitung Magyar Hirlap und nannte die damit verbundenen Ger\u00fcchte \u201eGrundlos\u201cund b\u00f6swillige\u201d Spekulationen. Um den massiven Zustrom illegaler Einwanderer einzud\u00e4mmen, k\u00fcndigte die Regierung [&hellip;]<\/p>\n","protected":false},"author":2,"featured_media":767290,"comment_status":"open","ping_status":"open","sticky":false,"template":"","format":"standard","meta":{"_acf_changed":false,"_display_image":"","footnotes":""},"categories":[1081],"tags":[1445],"class_list":["post-767289","post","type-post","status-publish","format-standard","has-post-thumbnail","hentry","category-politik","tag-migration"],"blocksy_meta":[],"acf":[],"author_username":"alk","telegram_post":"","public_post_metadata":{"breaking_news":"","important":"","csempe":"","center_tile":"","disable_thumbnail":"","target_lang":"","_featured_image_style":"","telegram_post":"","_xlat_group_id":""},"public_rank_math_data":{"title":"%title% %sep% %sitename%","description":"","focus_keyword":"","canonical_url":"","robots":"","primary_category":"1081","breadcrumb_title":"","facebook_title":"","facebook_description":"","facebook_image":"","facebook_image_id":"","twitter_title":"","twitter_description":"","twitter_image":"","twitter_image_id":"","twitter_card_type":"","twitter_use_facebook":"","advanced_robots":"","pillar_content":"","seo_score":"","contentai_score":"","rich_snippet":""},"_links":{"self":[{"href":"https:\/\/dailynewshungary.com\/de\/wp-json\/wp\/v2\/posts\/767289","targetHints":{"allow":["GET"]}}],"collection":[{"href":"https:\/\/dailynewshungary.com\/de\/wp-json\/wp\/v2\/posts"}],"about":[{"href":"https:\/\/dailynewshungary.com\/de\/wp-json\/wp\/v2\/types\/post"}],"author":[{"embeddable":true,"href":"https:\/\/dailynewshungary.com\/de\/wp-json\/wp\/v2\/users\/2"}],"replies":[{"embeddable":true,"href":"https:\/\/dailynewshungary.com\/de\/wp-json\/wp\/v2\/comments?post=767289"}],"version-history":[{"count":0,"href":"https:\/\/dailynewshungary.com\/de\/wp-json\/wp\/v2\/posts\/767289\/revisions"}],"wp:featuredmedia":[{"embeddable":true,"href":"https:\/\/dailynewshungary.com\/de\/wp-json\/wp\/v2\/media\/767290"}],"wp:attachment":[{"href":"https:\/\/dailynewshungary.com\/de\/wp-json\/wp\/v2\/media?parent=767289"}],"wp:term":[{"taxonomy":"category","embeddable":true,"href":"https:\/\/dailynewshungary.com\/de\/wp-json\/wp\/v2\/categories?post=767289"},{"taxonomy":"post_tag","embeddable":true,"href":"https:\/\/dailynewshungary.com\/de\/wp-json\/wp\/v2\/tags?post=767289"}],"curies":[{"name":"wp","href":"https:\/\/api.w.org\/{rel}","templated":true}]}}